{"id":2834,"date":"2024-09-21T20:06:21","date_gmt":"2024-09-21T21:06:21","guid":{"rendered":"https:\/\/trojcazambrow.pl\/?p=2834"},"modified":"2024-09-21T20:06:23","modified_gmt":"2024-09-21T21:06:23","slug":"ogloszenia-duszpasterskie-22-wrzesnia-2024-r-25-niedziela-zwykla","status":"publish","type":"post","link":"https:\/\/trojcazambrow.pl\/index.php\/2024\/09\/21\/ogloszenia-duszpasterskie-22-wrzesnia-2024-r-25-niedziela-zwykla\/","title":{"rendered":"Og\u0142oszenia duszpasterskie, 22 wrze\u015bnia 2024 r. 25 Niedziela Zwyk\u0142a"},"content":{"rendered":"\n<p>Dzi\u015b, w naszej wsp\u00f3lnocie <a><strong>niedziela ewangelizacyjna<\/strong>, poprzedzaj\u0105ca <strong>parafialne Misje ewangelizacyjne<\/strong> kt\u00f3re b\u0119dziemy prze\u017cywa\u0107 w dniach <strong>6-10 pa\u017adziernika<\/strong>. Jest to nasze duchowe przygotowanie do przypadaj\u0105cego w&nbsp;przysz\u0142ym roku jubileuszu 100-lecia po\u015bwi\u0119cenia naszej \u015bwi\u0105tyni. Dzi\u0119kuj\u0119 Ks. Markowi \u017bmijewskiemu z Centrum Ewangelizacji Dobrego Pasterza w Ostrowi Mazowieckiej oraz \u015bwieckim wsp\u00f3\u0142pracownikom za dzisiejsz\u0105 pos\u0142ug\u0119. Zechciejmy przyj\u0105\u0107 zaproszenie do udzia\u0142u w Misjach Ewangelizacyjnych i&nbsp;przekaza\u0107 je tak\u017ce innym, zw\u0142aszcza osobom oddalonym od Ko\u015bcio\u0142a.<\/a><\/p>\n\n\n\n<p><strong>Solidaryzuj\u0105c si\u0119 z ofiarami powodzi<\/strong>, kt\u00f3ra nawiedzi\u0142a mieszka\u0144c\u00f3w po\u0142udniowej Polski, w&nbsp;odpowiedzi na apel przewodnicz\u0105cego Konferencji Episkopatu Polski, pragniemy <strong>okaza\u0107 chrze\u015bcija\u0144skie wsparcie ofiarom kataklizmu<\/strong>, w\u0142\u0105czaj\u0105c si\u0119 w og\u00f3lnopolsk\u0105 zbi\u00f3rk\u0119 na rzecz ofiar powodzi. W zwi\u0105zku z tym w dzisiejsz\u0105 niedziel\u0119, po ka\u017cdej Mszy \u015awi\u0119tej odbywa si\u0119 zbi\u00f3rka ofiar do puszek na ten cel. B\u00f3g zap\u0142a\u0107 za wszelka \u017cyczliwo\u015b\u0107. Dzi\u0119kuj\u0119 m\u0142odym wolontariuszom za prowadzenie zbi\u00f3rki.<\/p>\n\n\n\n<p><strong>W sobot\u0119, 21 wrze\u015bnia,<\/strong> <strong>Ks. Mateusz<\/strong> obchodzi\u0142 uroczysto\u015b\u0107 imieninow\u0105. Otaczamy Drogiego Solenizanta serdeczn\u0105 modlitw\u0105, prosz\u0105c, aby \u015bwi\u0119ty Patron wspomaga\u0142 Ks. Mateusza i&nbsp;wyjednywa\u0142 apostolski zapa\u0142 i rado\u015b\u0107 w owocnym g\u0142oszeniu Ewangelii w naszej parafii oraz b\u0142ogos\u0142awie\u0144stwo w pos\u0142udze wyk\u0142adowcy Seminarium Duchownego w \u0141om\u017cy.<\/p>\n\n\n\n<p><strong>Dzi\u015b, do godz. 18.00 trwa ca\u0142odobowa adoracja Naj\u015bwi\u0119tszego Sakramentu<\/strong>, w ramach nowenny duchowego przygotowania do uroczysto\u015bci Jezusa Chrystusa Kr\u00f3la Wszech\u015bwiata, animowana&nbsp; przez &nbsp;<strong>Wsp\u00f3lnot\u0119 Intronizacji<\/strong> z udzia\u0142em grup parafialnych i wszystkich ch\u0119tnych. Modlimy si\u0119 za Ojczyzn\u0119 oraz za poszkodowanych w powodzi.<\/p>\n\n\n\n<p>W przysz\u0142\u0105 <strong>sobot\u0119<\/strong>,<strong> 28 wrze\u015bnia<\/strong>, w rocznic\u0119 beatyfikacji b\u0142. ks. Micha\u0142a Sopo\u0107ko, razem z&nbsp;wierz\u0105cymi w Polsce i&nbsp;na \u015bwi\u0119cie, podejmujemy dzie\u0142o \u201e<strong>Iskra Bo\u017cego Mi\u0142osierdzia &#8211; Koronka na ulicach miast\u201d<\/strong>. Zapraszam na <strong>godz. 15.00 na wsp\u00f3ln\u0105 modlitw\u0119 przy pomniku \u015bw. Papie\u017ca Jana Paw\u0142a II<\/strong>. Pos\u0142uguje diakonia muzyczna Odnowy w Duchu \u015awi\u0119tym Wieczernik. Zach\u0119cam do w\u0142\u0105czenia si\u0119 w t\u0119 modlitw\u0119 w gronie s\u0105siad\u00f3w, na skwerach, przy blokach, itp. W&nbsp;ka\u017cdym miejscu mo\u017cemy z&nbsp;wiar\u0105 og\u0142asza\u0107 Bo\u017ce Mi\u0142osierdzie.<\/p>\n\n\n\n<p><strong>W niedziel\u0119, 29 wrze\u015bnia<\/strong>, przypada <strong>\u015bwi\u0119to Archanio\u0142\u00f3w: Micha\u0142a, Gabriela i Rafa\u0142a<\/strong>. Anio\u0142owie ukazuj\u0105 obecno\u015b\u0107 Boga i Jego trosk\u0119 o cz\u0142owieka. Zach\u0119camy zw\u0142aszcza do modlitwy do \u015bw. Micha\u0142a Archanio\u0142a, o pomoc w walce ze z\u0142ym duchem.<\/p>\n\n\n\n<p><a>Tak\u017ce w przysz\u0142\u0105 <\/a><a><strong>niedziel\u0119 <\/strong>b\u0119dziemy obchodzi\u0107 <strong>\u015bwi\u0119to pu\u0142kowe 71 Pu\u0142ku Piechoty<\/strong>. Uroczystej Mszy \u015bw. o godz. 18.00, przewodniczy\u0107 b\u0119dzie ks. Biskup Tadeusz Bronakowski. Po Mszy \u015bw. odb\u0119dzie si\u0119 koncert Miejskiej M\u0142odzie\u017cowej Orkiestry D\u0119tej. W imieniu w\u0142asnym i Pana Senatora Marka Komorowskiego serdecznie zapraszam do wsp\u00f3lnej modlitwy i skorzystania z koncertu.<\/a><\/p>\n\n\n\n<p>Za tydzie\u0144 <a><strong>ostatnia niedziela wrze\u015bnia<\/strong>. <\/a><a>Ofiary na tac\u0119 przeznaczone b\u0119d\u0105 na remonty parafialne. W minionym tygodniu zosta\u0142y wymienione \u0142awki pod \u015bcian\u0105 nawy bocznej. Do wymiany pozosta\u0142y ju\u017c tylko \u0142awki w kaplicy Matki Bo\u017cej. Dobiegaj\u0105 ko\u0144ca prace przy odbudowie ogrodzenia od frontu ko\u015bcio\u0142a. <\/a>Zosta\u0142 ustawiony <strong>nowy, d\u0119bowy krzy\u017c misyjny<\/strong> ofiarowany przez Pan\u00f3w Krzysztofa Dawida z par. Zalas oraz Pana J\u00f3zefa Wili\u0144skiego \u2013 wykonawc\u0119 prac przy ogrodzeniu ko\u015bcio\u0142a. Serdecznie dzi\u0119kuje obu panom za ich ofiarno\u015b\u0107. W ustawieniu krzy\u017c pom\u00f3g\u0142 ze sprz\u0119tem Pan Pawe\u0142 Suski. Dzi\u0119kuj\u0119 za ofiary z\u0142o\u017cone przez poszczeg\u00f3lne wioski z&nbsp;okazji parafialnego dzi\u0119kczynienia za plony. W sumie z\u0142o\u017cono <strong>5410 z\u0142<\/strong>. Dzi\u0119kuj\u0119 tak\u017ce za wszystkie dary w naturze. Dzi\u0119kuj\u0119 Pa\u0144stwu So\u0142tysom za ich zaanga\u017cowanie i&nbsp;\u017cyczliwo\u015b\u0107. Dzi\u0119kuj\u0119 za ofiary indywidualne: 1 x 200 z\u0142, B\u00f3g zap\u0142a\u0107! W&nbsp;kaplicy mi\u0142osierdzia mo\u017cna odebra\u0107 kosze do\u017cynkowe. W ubieg\u0142a niedziel\u0119, na wsparcie Wy\u017cszego Seminarium Duchownego w&nbsp;\u0141om\u017cy zebrali\u015bmy <strong>9&nbsp;911z\u0142<\/strong>. Serdecznie dzi\u0119kuj\u0119 w&nbsp;imieniu Ks. Rektora za modlitw\u0119 i&nbsp;wsparcie materialne.<\/p>\n\n\n\n<p><a>Diecezjalne Duszpasterstwo \u017bywego R\u00f3\u017ca\u0144ca zaprasza do udzia\u0142u w <strong>35. Pielgrzymce \u017bywego R\u00f3\u017ca\u0144ca<\/strong> do Sanktuarium Kr\u00f3lowej Polski w Nowej Osuchowej. Ob\u0119dzie si\u0119 ona <strong>w&nbsp;sobot\u0119, 5 pa\u017adziernika<\/strong>. Mottem spotkania s\u0105 s\u0142owa: \u201e<strong>Uczyni\u0107 r\u00f3\u017caniec modlitw\u0105 wszystkich<\/strong>\u201d. Do udzia\u0142u w pielgrzymce zapraszamy parafialne wsp\u00f3lnoty \u017bywego R\u00f3\u017ca\u0144ca, zelator\u00f3w i&nbsp;cz\u0142onk\u00f3w k\u00f3\u0142, oraz osoby, kt\u00f3rym bliska jest modlitwa r\u00f3\u017ca\u0144cowa. Pocz\u0105tek spotkania o&nbsp;godz.10.00. Organizujemy pielgrzymk\u0119 autokarow\u0105. Koszt 30 z\u0142. Wyjazd o godz. 8.30. Zapisy w zakrystii.<\/a><\/p>\n\n\n\n<p>Zapraszam serdecznie do aktywnego w\u0142\u0105czenia si\u0119 w \u017cycie naszej wsp\u00f3lnoty parafialnej. Dzia\u0142aj\u0105 w niej grupy modlitewne i apostolskie, kt\u00f3re daj\u0105 mo\u017cliwo\u015b\u0107 wsp\u00f3lnej modlitwy i&nbsp;rozwoju duchowego, a tak\u017ce anga\u017cuj\u0105 si\u0119 w pos\u0142ugi podczas liturgii. Ma\u0142\u017conk\u00f3w zainteresowanych umocnieniem wi\u0119zi ma\u0142\u017ce\u0144skich zapraszamy do powstaj\u0105cej wsp\u00f3lnoty <strong>Domowego Ko\u015bcio\u0142a Ruchu \u015awiat\u0142o-\u017bycie \u2013 Oazy Rodzin<\/strong>. Bli\u017csze informacje znajdziemy na stronie internetowej naszej parafii oraz w gablocie przy wyj\u015bciu ze \u015bwi\u0105tyni. Ka\u017cdy mo\u017ce wsp\u00f3\u0142tworzy\u0107 nasz\u0105 wsp\u00f3lnot\u0119.<\/p>\n\n\n\n<p>Z naszej wsp\u00f3lnoty <strong>odszed\u0142 do wieczno\u015bci: + Kazimierz Grzegorz Gosk l. 72<\/strong>, zam. ul.&nbsp;Raginisa 5\/24. <em>Wieczny odpoczynek racz mu da\u0107 Panie, \u2026<\/em><\/p>\n\n\n\n<p><strong>W TYM TYGODNIU PATRONUJ\u0104 NAM:<\/strong><\/p>\n\n\n\n<ul class=\"wp-block-list\">\n<li><strong>23<\/strong> <strong>wrze\u015bnia<\/strong> \u2013 <strong>\u015bw. Pio z Pietrelciny<\/strong> (1887-1968), prezbiter, kapucyn, stygmatyk, obdarzony zdolno\u015bci\u0105 czytania w ludzkich sercach i bilokacj\u0105;<\/li>\n\n\n\n<li><strong>27 wrze\u015bnia \u2013 \u015bw. Wincenty \u00e0 Paulo<\/strong> (1581-1660), francuski kap\u0142an, opiekun ubogich i za\u0142o\u017cyciel Zgromadzenia Ksi\u0119\u017cy Misjonarzy;<\/li>\n\n\n\n<li><strong>28 wrze\u015bnia \u2013 \u015bw. Wac\u0142aw<\/strong> (ok. 907-929), ksi\u0105\u017c\u0119 czeski, gorliwy w&nbsp;szerzeniu chrze\u015bcija\u0144stwa, m\u0119czennik;<\/li>\n\n\n\n<li><strong>29 wrze\u015bnia<\/strong> \u2013 <strong>\u015bwi\u0119ci Archanio\u0142owie Micha\u0142, Gabriel i Rafa\u0142;<\/strong><\/li>\n<\/ul>\n","protected":false},"excerpt":{"rendered":"Dzi\u015b, w naszej wsp\u00f3lnocie niedziela ewangelizacyjna, poprzedzaj\u0105ca parafialne Misje ewangelizacyjne kt\u00f3re b\u0119dziemy prze\u017cywa\u0107 w dniach 6-10 pa\u017adziernika. Jest to nasze duchowe przygotowanie do przypadaj\u0105cego w&nbsp;przysz\u0142ym roku jubileuszu 100-lecia po\u015bwi\u0119cenia naszej \u015bwi\u0105tyni. Dzi\u0119kuj\u0119 Ks. Markowi \u017bmijewskiemu z Centrum Ewangelizacji Dobrego Pasterza w Ostrowi Mazowieckiej oraz \u015bwieckim wsp\u00f3\u0142pracownikom za dzisiejsz\u0105 pos\u0142ug\u0119. Zechciejmy&hellip;\n","protected":false},"author":4,"featured_media":0,"comment_status":"closed","ping_status":"closed","sticky":false,"template":"","format":"standard","meta":{"footnotes":""},"categories":[2],"tags":[],"class_list":["post-2834","post","type-post","status-publish","format-standard","hentry","category-ogloszenia"],"_links":{"self":[{"href":"https:\/\/trojcazambrow.pl\/index.php\/wp-json\/wp\/v2\/posts\/2834","targetHints":{"allow":["GET"]}}],"collection":[{"href":"https:\/\/trojcazambrow.pl\/index.php\/wp-json\/wp\/v2\/posts"}],"about":[{"href":"https:\/\/trojcazambrow.pl\/index.php\/wp-json\/wp\/v2\/types\/post"}],"author":[{"embeddable":true,"href":"https:\/\/trojcazambrow.pl\/index.php\/wp-json\/wp\/v2\/users\/4"}],"replies":[{"embeddable":true,"href":"https:\/\/trojcazambrow.pl\/index.php\/wp-json\/wp\/v2\/comments?post=2834"}],"version-history":[{"count":1,"href":"https:\/\/trojcazambrow.pl\/index.php\/wp-json\/wp\/v2\/posts\/2834\/revisions"}],"predecessor-version":[{"id":2835,"href":"https:\/\/trojcazambrow.pl\/index.php\/wp-json\/wp\/v2\/posts\/2834\/revisions\/2835"}],"wp:attachment":[{"href":"https:\/\/trojcazambrow.pl\/index.php\/wp-json\/wp\/v2\/media?parent=2834"}],"wp:term":[{"taxonomy":"category","embeddable":true,"href":"https:\/\/trojcazambrow.pl\/index.php\/wp-json\/wp\/v2\/categories?post=2834"},{"taxonomy":"post_tag","embeddable":true,"href":"https:\/\/trojcazambrow.pl\/index.php\/wp-json\/wp\/v2\/tags?post=2834"}],"curies":[{"name":"wp","href":"https:\/\/api.w.org\/{rel}","templated":true}]}}