{"id":3054,"date":"2025-02-01T18:01:09","date_gmt":"2025-02-01T19:01:09","guid":{"rendered":"https:\/\/trojcazambrow.pl\/?p=3054"},"modified":"2025-02-01T18:01:12","modified_gmt":"2025-02-01T19:01:12","slug":"ogloszenia-duszpasterskie-2-lutego-2025-r-swieto-ofiarowania-panskiego","status":"publish","type":"post","link":"https:\/\/trojcazambrow.pl\/index.php\/2025\/02\/01\/ogloszenia-duszpasterskie-2-lutego-2025-r-swieto-ofiarowania-panskiego\/","title":{"rendered":"Og\u0142oszenia duszpasterskie, 2 lutego 2025 r. \u015bwi\u0119to Ofiarowania Pa\u0144skiego"},"content":{"rendered":"\n<p>Dzi\u015b obchodzimy <strong>\u015bwi\u0119to Ofiarowania Pa\u0144skiego, nazywane \u015bwi\u0119tem Matki Bo\u017cej Gromnicznej<\/strong>. Msze \u015awi\u0119te w porz\u0105dku niedzielnym. Msza \u015bw. o&nbsp;godz. 10.30 i&nbsp;12.00 z&nbsp;procesj\u0105. Na rozpocz\u0119cie ka\u017cdej Mszy \u015awi\u0119tej b\u0142ogos\u0142awimy \u015bwiece zwane <strong>gromnicami<\/strong>, kt\u00f3re zgodnie z tradycj\u0105, przechowujemy ze czci\u0105 i&nbsp;zapalamy w obliczu zagro\u017ce\u0144, takich jak burze, po\u017cary, powodzie, a tak\u017ce w chwili odchodzenia bliskich do wieczno\u015bci. S\u0105 one znakiem obecno\u015bci Chrystusa \u2013 \u015awiat\u0142o\u015bci, kt\u00f3ry rozprasza ciemno\u015bci z\u0142a oraz wyrazem oddania si\u0119 pod opiek\u0119 Matki Bo\u017cej.<\/p>\n\n\n\n<p>Dzi\u015b tak\u017ce obchodzimy <strong>\u015awiatowy Dzie\u0144 \u017bycia Konsekrowanego<\/strong>. Osoby Konsekrowane z&nbsp;naszej diecezji zgromadz\u0105 si\u0119 na uroczystej Mszy \u015bwi\u0119tej w katedrze \u0142om\u017cy\u0144skiej o&nbsp;godzinie 12.00. Wszyscy dzi\u0119kujemy Bogu za dar \u017cycia konsekrowanego w&nbsp;Ko\u015bciele, za siostry, braci zakonnych i inne osoby konsekrowane, oraz pro\u015bmy o&nbsp;nowe i liczne powo\u0142ania. Dzi\u0119kuj\u0119 za ofiary z\u0142o\u017cone na tac\u0119, na wsparcie wsp\u00f3lnot zakonnych borykaj\u0105cych si\u0119 z&nbsp;trudno\u015bciami materialnymi.<\/p>\n\n\n\n<p>Dzi\u015b <strong>pierwsza niedziela lutego<\/strong>, <strong>o godz. 15.00<\/strong> <strong>spotkanie K\u00f3\u0142ek R\u00f3\u017ca\u0144cowych<\/strong>. Serdecznie zapraszam do wsp\u00f3lnej modlitwy wszystkich cz\u0142onk\u00f3w \u017bywego R\u00f3\u017ca\u0144ca.<\/p>\n\n\n\n<p>W <strong>poniedzia\u0142ek, <a>3 lutego<\/a><\/strong>, z okazji liturgicznego wspomnienia <strong>\u015bw. B\u0142a\u017ceja<\/strong>, kt\u00f3rego czcimy jako or\u0119downika w chorobach gard\u0142a, na zako\u0144czenie Mszy \u015bw. udzielimy specjalnego b\u0142ogos\u0142awie\u0144stwa za jego wstawiennictwem.<\/p>\n\n\n\n<p>W <strong>poniedzia\u0142ek, 3 lutego<\/strong>, po wieczornej Mszy \u015bw. zapraszamy wszystkich ch\u0119tnych do pomocy w posprz\u0105taniu szopki i&nbsp;dekoracji bo\u017conarodzeniowych.<\/p>\n\n\n\n<p>We <strong>\u015brod\u0119, 5 lutego<\/strong>, wspominamy <strong>\u015bw. Agat\u0119<\/strong>, kt\u00f3rej imi\u0119 znaczy \u201edobra\u201d. Zgodnie z tradycj\u0105, tego dnia <strong>b\u0142ogos\u0142awimy chleb<\/strong>, kt\u00f3ry za wstawiennictwem \u015bw. Agaty ma chroni\u0107 nas przed ogniem. Jest tak\u017ce zabierany w podr\u00f3\u017c, aby t\u0119sknota za domem, nie trawi\u0142a jak ogie\u0144 naszych serc. Po\u015bwi\u0119cony chleb mo\u017cemy wzi\u0105\u0107 przy wyj\u015bciu z ko\u015bcio\u0142a.<\/p>\n\n\n\n<p>We <strong>\u015brod\u0119, 5 lutego<\/strong>, po wieczornej Mszy \u015bw. na godz. 18.00, <strong>spotkanie Bractwa Szkaplerznego<\/strong>. Zapraszamy.<\/p>\n\n\n\n<p>We <strong>czwartek, 6 lutego<\/strong>, od godz. 17.00 Adoracja prowadzona przez <strong>Kap\u0142a\u0144sk\u0105 Wsp\u00f3lnot\u0119 Os\u00f3b \u015awi\u0119ckich<\/strong>.<\/p>\n\n\n\n<p>W <strong>sobot\u0119, 8 lutego o godz. 15.00<\/strong>, w Domu Parafialnym, <strong>spotkanie Kap\u0142a\u0144skiej Wsp\u00f3lnoty Os\u00f3b \u015awi\u0119ckich<\/strong>. Zapraszamy!<\/p>\n\n\n\n<p>W przysz\u0142\u0105 <strong>niedziel\u0119 9 lutego<\/strong>, po wieczornej Mszy \u015bw. Wsp\u00f3lnota Odnowy w Duchu \u015awi\u0119tym Wieczernik zaprasza na <strong>Wiecz\u00f3r Uwielbienia<\/strong>. Zapraszamy do wsp\u00f3lnego uwielbienia Chrystusa, kt\u00f3rzy wzi\u0105\u0142 na siebie nasze choroby i obecnie przychodzi z pomoc\u0105 chorym i cierpi\u0105cym.<\/p>\n\n\n\n<p>W tym tygodniu <strong>pierwszy czwartek i pierwszy pi\u0105tek miesi\u0105ca<\/strong>. <strong>We\u00a0czwartek <\/strong>dzi\u0119kujemy za dar Eucharystii i kap\u0142a\u0144stwa; modlimy si\u0119 o nowe powo\u0142ania, tak\u017ce z naszej wsp\u00f3lnoty. <strong>W\u00a0pi\u0105tek<\/strong> modlitw\u0105 wynagradzamy Sercu Jezusa za grzechy nasze i\u00a0ca\u0142ego \u015bwiata. Msze \u015bw. o godz. 6.30, 7.00, 9.00 i 18.00. Zach\u0119cam do skorzystania z\u00a0pierwszopi\u0105tkowej spowiedzi i Komunii \u015bwi\u0119tej. Mo\u017cliwo\u015b\u0107 spowiedzi w\u00a0pi\u0105tek od godz. 17.30.<\/p>\n\n\n\n<p><strong>Dzieci i m\u0142odzie\u017c korzystaj\u0105 z ferii zimowych. <\/strong>M\u00f3dlmy si\u0119 dla nich i ich opiekun\u00f3w o&nbsp;bezpieczny i pe\u0142en rado\u015bci wypoczynek. Dzi\u0119kuj\u0119 Siostrze Angeli i&nbsp;\u015bwieckim opiekunom uczestnicz\u0105cym w&nbsp;organizacji zimowiska dla dzieci. Ks. Dawidowi za opiek\u0119 nad harcerzami podczas zimowego obozu.<\/p>\n\n\n\n<p>W <strong>ubieg\u0142\u0105 niedziel\u0119, <\/strong>w <strong>akcji krwiodawstwa<\/strong>: \u201e<strong>Kropla Mi\u0142osierdzia<\/strong>\u201d wzi\u0119\u0142o udzia\u0142 24 osoby, oddaj\u0105c \u0142\u0105cznie <strong>10,8 l. krwi<\/strong>. B\u00f3g zap\u0142a\u0107 za ofiarny gest mi\u0142o\u015bci bli\u017aniego!<\/p>\n\n\n\n<p>Dzi\u0119kuj\u0119 za ofiary z\u0142o\u017cone w ubieg\u0142\u0105 niedziel\u0119 na ogrzewanie ko\u015bcio\u0142a \u2013 zebrali\u015bmy <strong>9&nbsp;849 <\/strong>&nbsp;<strong>z\u0142<\/strong>. B\u00f3g zap\u0142a\u0107. Faktura za ogrzewanie za stycze\u0144 wynios\u0142a <strong>18 586,54 z\u0142<\/strong>. W tym tygodniu rozpoczniemy ustawianie rusztowa\u0144 do malowania wn\u0119trza ko\u015bcio\u0142a. Wraz z rozpocz\u0119ciem prac zostanie zawieszona do odwo\u0142ania ca\u0142odzienna adoracja Naj\u015bwi\u0119tszego Sakramentu. Bardzo prosz\u0119 o modlitw\u0119 w intencji podejmowanych prac oraz ich wykonawc\u00f3w.<\/p>\n\n\n\n<p>Dzi\u0119kuj\u0119 za ofiary indywidualne \u2013 1 x 500 z\u0142. B\u00f3g zap\u0142a\u0107.<\/p>\n\n\n\n<p>Zapraszam do udzia\u0142u we Mszach \u015bw. nie tylko w niedziele ale tak\u017ce w dni powszednie.<\/p>\n\n\n\n<p>W ubieg\u0142ym tygodniu <strong>odesz\u0142a do wieczno\u015bci: + Teresa Jadwiga Godlewska l. 89<\/strong>, zam. ul. Po\u015bwi\u0105tne 86. <em>Wieczny odpoczynek racz jej da\u0107 Panie \u2026<\/em><\/p>\n\n\n\n<p><strong>W tym tygodniu patronuj\u0105 nam:<\/strong><\/p>\n\n\n\n<ul class=\"wp-block-list\">\n<li><strong>3 lutego<\/strong> \u2013 <strong>\u015bw. B\u0142a\u017cej<\/strong> (II \u2013 IV w.), biskup i m\u0119czennik, or\u0119downika w chorobach gard\u0142a.<\/li>\n\n\n\n<li><strong>5 lutego<\/strong> \u2013 <strong>\u015bw. Agata<\/strong> (ok. 235-251), dziewica i m\u0119czennica z Katanii na Sycylii, patronka kobiet karmi\u0105cych i w chorobach piersi.<\/li>\n\n\n\n<li><strong>6 lutego <\/strong>\u2013 \u015bw. Pawe\u0142 Miki i towarzysze (XVI w.), m\u0119czennicy z Japonii. Nazwani Pierwszymi M\u0119czennikami Dalekiego Wschodu.<\/li>\n<\/ul>\n","protected":false},"excerpt":{"rendered":"Dzi\u015b obchodzimy \u015bwi\u0119to Ofiarowania Pa\u0144skiego, nazywane \u015bwi\u0119tem Matki Bo\u017cej Gromnicznej. Msze \u015awi\u0119te w porz\u0105dku niedzielnym. Msza \u015bw. o&nbsp;godz. 10.30 i&nbsp;12.00 z&nbsp;procesj\u0105. Na rozpocz\u0119cie ka\u017cdej Mszy \u015awi\u0119tej b\u0142ogos\u0142awimy \u015bwiece zwane gromnicami, kt\u00f3re zgodnie z tradycj\u0105, przechowujemy ze czci\u0105 i&nbsp;zapalamy w obliczu zagro\u017ce\u0144, takich jak burze, po\u017cary, powodzie, a tak\u017ce w chwili&hellip;\n","protected":false},"author":4,"featured_media":0,"comment_status":"closed","ping_status":"closed","sticky":false,"template":"","format":"standard","meta":{"footnotes":""},"categories":[2],"tags":[],"class_list":["post-3054","post","type-post","status-publish","format-standard","hentry","category-ogloszenia"],"_links":{"self":[{"href":"https:\/\/trojcazambrow.pl\/index.php\/wp-json\/wp\/v2\/posts\/3054","targetHints":{"allow":["GET"]}}],"collection":[{"href":"https:\/\/trojcazambrow.pl\/index.php\/wp-json\/wp\/v2\/posts"}],"about":[{"href":"https:\/\/trojcazambrow.pl\/index.php\/wp-json\/wp\/v2\/types\/post"}],"author":[{"embeddable":true,"href":"https:\/\/trojcazambrow.pl\/index.php\/wp-json\/wp\/v2\/users\/4"}],"replies":[{"embeddable":true,"href":"https:\/\/trojcazambrow.pl\/index.php\/wp-json\/wp\/v2\/comments?post=3054"}],"version-history":[{"count":1,"href":"https:\/\/trojcazambrow.pl\/index.php\/wp-json\/wp\/v2\/posts\/3054\/revisions"}],"predecessor-version":[{"id":3055,"href":"https:\/\/trojcazambrow.pl\/index.php\/wp-json\/wp\/v2\/posts\/3054\/revisions\/3055"}],"wp:attachment":[{"href":"https:\/\/trojcazambrow.pl\/index.php\/wp-json\/wp\/v2\/media?parent=3054"}],"wp:term":[{"taxonomy":"category","embeddable":true,"href":"https:\/\/trojcazambrow.pl\/index.php\/wp-json\/wp\/v2\/categories?post=3054"},{"taxonomy":"post_tag","embeddable":true,"href":"https:\/\/trojcazambrow.pl\/index.php\/wp-json\/wp\/v2\/tags?post=3054"}],"curies":[{"name":"wp","href":"https:\/\/api.w.org\/{rel}","templated":true}]}}