{"id":3065,"date":"2025-02-15T18:56:48","date_gmt":"2025-02-15T19:56:48","guid":{"rendered":"https:\/\/trojcazambrow.pl\/?p=3065"},"modified":"2025-02-15T18:56:49","modified_gmt":"2025-02-15T19:56:49","slug":"ogloszenia-duszpasterskie-16-lutego-2025-r-6-niedziela-zwykla","status":"publish","type":"post","link":"https:\/\/trojcazambrow.pl\/index.php\/2025\/02\/15\/ogloszenia-duszpasterskie-16-lutego-2025-r-6-niedziela-zwykla\/","title":{"rendered":"Og\u0142oszenia duszpasterskie, 16 lutego 2025 r. 6 Niedziela Zwyk\u0142a"},"content":{"rendered":"\n<p>S\u0142owo Bo\u017ce wskazuje, \u017ce w \u015bwiecie, gdzie sukces, bezpiecze\u0144stwo i bogactwo uchodz\u0105 za oznaki b\u0142ogos\u0142awie\u0144stwa, to ubodzy, p\u0142acz\u0105cy i prze\u015bladowani s\u0105 prawdziwie b\u0142ogos\u0142awieni. Bo\u017ca perspektywa jest inna ni\u017c nasza. Jezus nie twierdzi, \u017ce ub\u00f3stwo, cierpienie czy g\u0142\u00f3d s\u0105 dobre same w sobie, ale \u017ce w takich do\u015bwiadczeniach mo\u017cna do\u015bwiadczy\u0107 blisko\u015bci Boga, kt\u00f3ry obdarza b\u0142ogos\u0142awie\u0144stwem tych, kt\u00f3rzy Mu ufaj\u0105.<\/p>\n\n\n\n<p>We <strong>wtorek 11 lutego<\/strong> rozpocz\u0119\u0142a si\u0119 <strong>Wielkiej Nowenny za Polsk\u0119 i nasz Nar\u00f3d<\/strong>, pod has\u0142em: <strong>Polska Na Skale<\/strong>. Nowenna b\u0119dzie trwa\u0107 <strong>do Wielkiego Wtorku, 15 kwietnia<\/strong>. Dziewi\u0119\u0107 tygodni nieustannej modlitwy i ofiarowania w niedziel\u0119 Komunii \u015awi\u0119tej wynagradzaj\u0105cej za grzechy narodowe. Ukoronowaniem nowenny b\u0119dzie zawierzenie Polski Mi\u0142osierdziu Bo\u017cemu 27 kwietnia podczas Mszy \u015awi\u0119tej. Zapraszamy wszystkich, kt\u00f3rym na sercu le\u017cy dobro i przysz\u0142o\u015b\u0107 naszej Ojczyzny do w\u0142\u0105czenia si\u0119 w to dzie\u0142o. Jest ono odpowiedzi\u0105 na wielkie pragnienie wielu ofiarnych serc Polak\u00f3w, by walczy\u0107 na kolanach o&nbsp;Bo\u017ce Mi\u0142osierdzie i Bosk\u0105 interwencj\u0119 dla Polski. Wi\u0119cej informacji na stornie internetowej: <a href=\"https:\/\/polskanaskale.pl\/\">https:\/\/polskanaskale.pl\/<\/a> ora na plakacie w gablocie.<\/p>\n\n\n\n<p>W tych dniach Rzymie, w ramach celebracji Roku Jubileuszowego, odbywa si\u0119 <strong>Jubileusz Artyst\u00f3w i&nbsp;\u015awiata Kultury<\/strong>. Wspieramy modlitw\u0105 tw\u00f3rc\u00f3w sztuki i Kultury z naszego \u015brodowiska zambrowskiego. Niech Rok Jubileuszowy b\u0119dzie dla nich zach\u0119t\u0105, do tworzenia pi\u0119kna, kt\u00f3re czerpie ze \u017ar\u00f3de\u0142 Pi\u0119kna Bo\u017cego. Niech owocnie czerpi\u0105 ze skarbca Kultury opartej na Ewangelii i warto\u015bciach chrze\u015bcija\u0144skich.<\/p>\n\n\n\n<p><strong>W poniedzia\u0142ek, 17 lutego<\/strong> po Mszy \u015bw. o godz. 18.00, odb\u0119dzie si\u0119<strong> spotkanie biblijne<\/strong> z&nbsp;Ks. Dr Zbigniewem Skuz\u0105. Zapraszamy do coraz lepszego poznawania S\u0142owa Bo\u017cego.<\/p>\n\n\n\n<p>We <strong>wtorek 18 lutego<\/strong>, zapraszamy na <strong>Msz\u0119 \u015bw. na 18.00<\/strong> i na <strong>spotkanie formacyjne rodzic\u00f3w kandydat\u00f3w do bierzmowania<\/strong>. Bardzo prosimy rodzic\u00f3w o&nbsp;mobilizacj\u0119 i&nbsp;zaanga\u017cowanie.<\/p>\n\n\n\n<p><strong>W sobot\u0119, 22 lutego obchodzimy \u015bwi\u0119to katedry \u015bwi\u0119tego Piotra, Aposto\u0142a<\/strong>. To \u015bwi\u0119to przypomina, \u017ce Stolica Piotrowa jest podstaw\u0105 jedno\u015bci Ko\u015bcio\u0142a. Ko\u015bci\u00f3\u0142 modli si\u0119, aby &#8220;po\u015br\u00f3d zam\u0119tu \u015bwiata nasza wiara pozosta\u0142a nienaruszona&#8221;. <strong>Otoczmy modlitw\u0105 Ojca \u015bwi\u0119tego Franciszka<\/strong>, kt\u00f3ry przebywa w Poliklinice Gemelli. Ojciec \u015awi\u0119ty przebywa w&nbsp;szpitalu z powodu zaostrzonego zapalenia oskrzeli. Nie wiadomo, jak d\u0142ugo potrwa leczenie i kiedy papie\u017c wr\u00f3ci do swoich obowi\u0105zk\u00f3w.<\/p>\n\n\n\n<p>Zgodnie z prawem podatnicy mog\u0105 przekaza\u0107 <strong>1,5 % swojego podatku dochodowego za rok 2024<\/strong> na rzecz wybranej organizacji po\u017cytku publicznego. Na terenie Diecezji \u0141om\u017cy\u0144skiej ko\u015bcieln\u0105 organizacj\u0105 po\u017cytku publicznego jest \u201eCARITAS BLI\u0179NIM\u201d wspieraj\u0105ca dzia\u0142alno\u015b\u0107 statutow\u0105 Caritas Diecezji \u0141om\u017cy\u0144skiej. Prosimy o przekazanie <strong>1,5 % podatku dochodowego na \u201eCARITAS BLI\u0179NIM\u201d<\/strong>, a otrzymane \u015brodki b\u0119d\u0105 przeznaczone na do\u017cywianie ubogich, leczenie chorych, wakacyjny wypoczynek dla dzieci i m\u0142odzie\u017cy oraz opiek\u0119 nad bezdomnymi. Informacja o nr KRS \u201eCARITAS BLI\u0179NIM\u201d znajdziemy na stronie internetowej CARITAS oraz na plakacie.<\/p>\n\n\n\n<p>Jak wida\u0107, post\u0119puj\u0105 przygotowania do realizacji projektu: &#8220;<strong>Prace konserwatorskie i&nbsp;restauratorskie we wn\u0119trzu ko\u015bcio\u0142a pw. Tr\u00f3jcy Przenaj\u015bwi\u0119tszej w Zambrowie<\/strong>&#8220;. Trwa ju\u017c usuwanie olejnych lamperii na filarach. Bardzo prosz\u0119 o modlitw\u0119 w intencji podejmowanych prac oraz ich wykonawc\u00f3w. Niech \u015bw. J\u00f3zef wspiera nas swoim or\u0119downictwem! Prosz\u0119 tak\u017ce o wyrozumia\u0142o\u015b\u0107 i cierpliwo\u015b\u0107 w znoszeniu niegodno\u015bci zwi\u0105zanych z tymi pracami. Z racji prowadzonych prac wystawienie Naj\u015bwi\u0119tszego Sakramentu b\u0119dzie w dni powszednie w godzinach 17.00 &#8211; 18.00.<\/p>\n\n\n\n<p><strong>Dzi\u0119kuj\u0119 za ofiary indywidualne<\/strong> na malowanie ko\u015bcio\u0142a: 2 x 2000 z\u0142, 2 x 1000 z\u0142, 2 x 500 z\u0142, 1 x 200 z\u0142. B\u00f3g zap\u0142a\u0107. Przy wyj\u015bciu z ko\u015bcio\u0142a dost\u0119pne s\u0105 publikacje na temat Lourdes oraz \u015bwi\u0119tych, po 5 z\u0142.<\/p>\n\n\n\n<p>Jest jeszcze mo\u017cliwo\u015b\u0107 zapisania si\u0119 na autokarow\u0105 <strong>Pielgrzymk\u0119 Roku Jubileuszowego do Rzymu<\/strong>, kt\u00f3ra odb\u0119dzie si\u0119 <strong>w&nbsp;dniach 1-11.08.2025<\/strong>. Szczeg\u00f3\u0142owy program i bli\u017csze informacje dost\u0119pne w&nbsp;gablocie i na stronie internetowej parafii.<\/p>\n\n\n\n<p><strong>Sakrament chrztu<\/strong> przyj\u0119li:<strong> Pola Pogoroszewska, Mateusz Korniluk i Mija Adroszczuk. <\/strong>Te dzieci i ich rodziny wspieramy modlitw\u0105<\/p>\n\n\n\n<p>W ubieg\u0142ym tygodniu <strong>odeszli do wieczno\u015bci: + W\u0142adys\u0142aw Ostrowski l. 90<\/strong>, zam. ul. Grunwaldzka 9\/16;<strong> + Regina Muszy\u0144ska l. 83<\/strong>, zam. Wola Zambrowska, ul. Bracka 6. <em>Wieczny odpoczynek racz im da\u0107 Panie\u2026<\/em><\/p>\n","protected":false},"excerpt":{"rendered":"S\u0142owo Bo\u017ce wskazuje, \u017ce w \u015bwiecie, gdzie sukces, bezpiecze\u0144stwo i bogactwo uchodz\u0105 za oznaki b\u0142ogos\u0142awie\u0144stwa, to ubodzy, p\u0142acz\u0105cy i prze\u015bladowani s\u0105 prawdziwie b\u0142ogos\u0142awieni. Bo\u017ca perspektywa jest inna ni\u017c nasza. Jezus nie twierdzi, \u017ce ub\u00f3stwo, cierpienie czy g\u0142\u00f3d s\u0105 dobre same w sobie, ale \u017ce w takich do\u015bwiadczeniach mo\u017cna do\u015bwiadczy\u0107 blisko\u015bci&hellip;\n","protected":false},"author":4,"featured_media":0,"comment_status":"closed","ping_status":"closed","sticky":false,"template":"","format":"standard","meta":{"footnotes":""},"categories":[2],"tags":[],"class_list":["post-3065","post","type-post","status-publish","format-standard","hentry","category-ogloszenia"],"_links":{"self":[{"href":"https:\/\/trojcazambrow.pl\/index.php\/wp-json\/wp\/v2\/posts\/3065","targetHints":{"allow":["GET"]}}],"collection":[{"href":"https:\/\/trojcazambrow.pl\/index.php\/wp-json\/wp\/v2\/posts"}],"about":[{"href":"https:\/\/trojcazambrow.pl\/index.php\/wp-json\/wp\/v2\/types\/post"}],"author":[{"embeddable":true,"href":"https:\/\/trojcazambrow.pl\/index.php\/wp-json\/wp\/v2\/users\/4"}],"replies":[{"embeddable":true,"href":"https:\/\/trojcazambrow.pl\/index.php\/wp-json\/wp\/v2\/comments?post=3065"}],"version-history":[{"count":1,"href":"https:\/\/trojcazambrow.pl\/index.php\/wp-json\/wp\/v2\/posts\/3065\/revisions"}],"predecessor-version":[{"id":3066,"href":"https:\/\/trojcazambrow.pl\/index.php\/wp-json\/wp\/v2\/posts\/3065\/revisions\/3066"}],"wp:attachment":[{"href":"https:\/\/trojcazambrow.pl\/index.php\/wp-json\/wp\/v2\/media?parent=3065"}],"wp:term":[{"taxonomy":"category","embeddable":true,"href":"https:\/\/trojcazambrow.pl\/index.php\/wp-json\/wp\/v2\/categories?post=3065"},{"taxonomy":"post_tag","embeddable":true,"href":"https:\/\/trojcazambrow.pl\/index.php\/wp-json\/wp\/v2\/tags?post=3065"}],"curies":[{"name":"wp","href":"https:\/\/api.w.org\/{rel}","templated":true}]}}