{"id":3470,"date":"2026-03-07T19:35:05","date_gmt":"2026-03-07T20:35:05","guid":{"rendered":"https:\/\/trojcazambrow.pl\/?p=3470"},"modified":"2026-03-07T19:35:05","modified_gmt":"2026-03-07T20:35:05","slug":"ogloszenia-duszpasterskie-8-marca-2026-r-3-niedziela-wielkiego-postu","status":"publish","type":"post","link":"https:\/\/trojcazambrow.pl\/index.php\/2026\/03\/07\/ogloszenia-duszpasterskie-8-marca-2026-r-3-niedziela-wielkiego-postu\/","title":{"rendered":"Og\u0142oszenia duszpasterskie, 8 marca 2026 r. 3 Niedziela Wielkiego Postu"},"content":{"rendered":"\n<p>W trzeci\u0105 niedziel\u0119 Wielkiego Postu spotykamy si\u0119 z Chrystusem, kt\u00f3ry jest \u017ar\u00f3d\u0142em wody \u017cywej. Przemawia do naszych serc, aby\u015bmy, jak Samarytanka, do\u015bwiadczyli Bo\u017cego mi\u0142osierdzia i przemiany \u017cycia.<\/p>\n\n\n\n<p>Tak\u017ce dzi\u015b, w naszej parafii ko\u0144cz\u0105 si\u0119 <strong>rekolekcje ewangelizacyjne dla ma\u0142\u017ce\u0144stw<\/strong>. Serdecznie dzi\u0119kuj\u0119 Ks. \u0141ukaszowi Andrzejczykowi Moderatorowi Diecezjalnemu Domowego Ko\u015bcio\u0142a oraz ma\u0142\u017conkom &#8211; animatorom Domowego Ko\u015bcio\u0142a za ich ofiarn\u0105 pos\u0142ug\u0119. Dzi\u015b ko\u0144cowe spotkanie rekolekcyjne na Mszy \u015bw. o godz. 12.00, a po Gorzkich \u017balach spotkanie w Domu Parafialnym. Nich B\u00f3g umacnia wszystkie ma\u0142\u017ce\u0144stwa naszej parafii i da im sta\u0142y w wzrost we wzajemnej mi\u0142o\u015bci.<\/p>\n\n\n\n<p>Dzi\u015b, <strong>8 marca, obchodzimy Dzie\u0144 Kobiet<\/strong>. Pami\u0119tajmy w&nbsp;modlitwie o wszystkich kobietach, zw\u0142aszcza o najbli\u017cszych oraz o utrudzonych, poni\u017canych i prze\u015bladowanych. B\u00f3g zawierzy\u0142 im szczeg\u00f3ln\u0105 rol\u0119 w \u015bwiecie, w&nbsp;rodzinie i w Ko\u015bciele. Polecajmy wszystkie kobiety wstawiennictwu Maryi, kt\u00f3ra jest najpi\u0119kniejszym wzorem kobiety.<\/p>\n\n\n\n<p>Starajmy si\u0119 dobrze korzysta\u0107 z czasu Wielkiego Postu. Codzienna lektura Pisma \u015awi\u0119tego, modlitwa i refleksja nad w\u0142asnym post\u0119powaniem, naprawienie wyrz\u0105dzonej krzywdy, pomoc potrzebuj\u0105cym, odwiedziny osoby samotnej czy chorej. Zach\u0119cam do podejmowania i&nbsp;wytrwania w abstynencji, zerwania z na\u0142ogami i z\u0142ymi nawykami.<\/p>\n\n\n\n<p>Przed o\u0142tarzem znajduje si\u0119 <strong>skarbona Ja\u0142mu\u017cny Wielkopostnej Caritas.<\/strong> Jest to zach\u0119ta do dzielenia si\u0119 dobrami materialnymi z potrzebuj\u0105cymi. Ja\u0142mu\u017cna jest darem z siebie i gestem mi\u0142osierdzia. \u015arodki ze zbi\u00f3rki s\u0105 przeznaczone na wsparcie potrzebuj\u0105cych a zw\u0142aszcza os\u00f3b starszych.<\/p>\n\n\n\n<p>W Wielkim Po\u015bcie zapraszamy do udzia\u0142u w&nbsp;nabo\u017ce\u0144stwach pasyjnych: <strong>Gorzkie \u017bale<\/strong> b\u0119d\u0105 odprawiane w <strong>ka\u017cd\u0105 niedziel\u0119 po Mszy \u015bw. o&nbsp;godz. 12.00<\/strong> oraz o godz. <strong>17.45<\/strong>. <strong>Droga Krzy\u017cowa<\/strong> w ka\u017cdy <strong>pi\u0105tek<\/strong> o godz. <strong>15.00<\/strong> dla doros\u0142ych i o godz. <strong>17.30<\/strong> dla dzieci i m\u0142odzie\u017cy. <strong>Podczas Drogi Krzy\u017cowej o godz. 15.00 b\u0119dzie zbierana taca na dekoracje Grobu Bo\u017cego. <\/strong>Przez pobo\u017cny udzia\u0142 w tych nabo\u017ce\u0144stwach mo\u017cna uzyska\u0107 odpust zupe\u0142ny pod zwyk\u0142ymi warunkami.<\/p>\n\n\n\n<p>W <strong>poniedzia\u0142ek, 9 marca<\/strong>, od godz. 17.00 adoracja NS w intencji zmar\u0142ych cierpi\u0105cych w&nbsp;czy\u015b\u0107cu, o godz. 18.00 Msza \u015bw. <strong>grupy<\/strong> <strong>Apostolstwa Pomocy Duszom Czy\u015b\u0107cowym.<\/strong><\/p>\n\n\n\n<p><strong>W poniedzia\u0142ek, 9 marca<\/strong> po Mszy \u015bw. o godz. 18.00, odb\u0119dzie si\u0119<strong> spotkanie biblijne<\/strong> z&nbsp;Ks. Dr Zbigniewem Skuz\u0105. Zapraszamy do coraz lepszego poznawania S\u0142owa Bo\u017cego. Spotkanie odb\u0119dzie si\u0119 <strong>w Domu Parafialnym.<\/strong> Skorzystajmy, zapro\u015bmy bliskich i znajomych.<\/p>\n\n\n\n<p>We <strong>czwartek, 12 marca<\/strong>, od godz. 17.00 <strong>Biuro Radia Maryja <\/strong>zaprasza na adoracj\u0119 w&nbsp;intencji Radia Maryja i dzie\u0142 przy nim powsta\u0142ych.<\/p>\n\n\n\n<p>W <strong>pi\u0105tek, 13 marca <\/strong>zapraszamy na<strong> godz. 17.00 na R\u017caniec fatimski w intencji Ojczyzny<\/strong>.<\/p>\n\n\n\n<p>Tak\u017ce w <strong>pi\u0105tek<\/strong>,po wieczornej Mszy \u015bw. zapraszamy na spotkanie formacyjne <strong>Wsp\u00f3lnoty dla Intronizacji<\/strong>, w Domu Parafialnym.<\/p>\n\n\n\n<p><strong>W przysz\u0142\u0105 niedziel\u0119, 15 marca<\/strong>, po wieczornej Mszy \u015bw., w&nbsp;naszej parafii odb\u0119dzie si\u0119 koncert pie\u015bni pasyjnych i wielkopostnych pt. \u201e<strong>Ogrodzie Oliwny<\/strong>\u201d w wykonaniu wspania\u0142ego muzyka, artysty <strong>Macieja Miecznikowskiego<\/strong>. B\u0119dzie to cenna pomoc w prze\u017cywaniu wielkiego Postu poprzez rozwa\u017canie najwa\u017cniejszych moment\u00f3w historii naszego zbawienia zawartych w&nbsp;przepi\u0119knych <strong>pie\u015bniach pasyjnych<\/strong>. Niech udzia\u0142 w tym wydarzeniu obudzi w&nbsp;nas pragnienie zbli\u017cenia si\u0119 do Boga, a jednocze\u015bnie r\u00f3wnie\u017c zrozumienia cierpienia obecnego w&nbsp;naszym \u017cyciu.<\/p>\n\n\n\n<p>Miejski O\u015brodek Kultury w Zambrowie zaprasza na projekcje filmu<strong> \u201eNaj\u015bwi\u0119tsze Serca<\/strong>\u201d. Ponad 350 lat temu we Francji Jezus objawi\u0142 \u015bw. Ma\u0142gorzacie Marii Alacoque swoje Serce p\u0142on\u0105ce mi\u0142o\u015bci\u0105. To or\u0119dzie sta\u0142o si\u0119 kanw\u0105 filmu, kt\u00f3ry &#8220;obudzi\u0142 Francj\u0119&#8221;, podbi\u0142 francuskie kina, ale r\u00f3wnocze\u015bnie wywo\u0142a\u0142 ostr\u0105 rekcj\u0119 \u015brodowisk antyreligijnych, pr\u00f3b\u0119 cenzury, a&nbsp;nawet zakaz wy\u015bwietlania w niekt\u00f3rych miastach. &#8220;Naj\u015bwi\u0119tsze Serce&#8221; to filmowa opowie\u015b\u0107 o samej istocie wiary chrze\u015bcija\u0144skiej, o mi\u0142o\u015bci Boga, kt\u00f3ry tak ukocha\u0142 ka\u017cdego cz\u0142owieka, \u017ce pozwoli\u0142 przebi\u0107 swoje Serce na krzy\u017cu.<strong> Film b\u0119dzie mo\u017cna obejrze\u0107 w dniach 13-16 marca o&nbsp;godz. 17.00.<\/strong><\/p>\n\n\n\n<p>Przypominam, \u017ce <strong>Ekstremalna Droga Krzy\u017cowa odb\u0119dzie si\u0119 <\/strong>w <strong>pi\u0105tek, 27 marca, pocz\u0105tek po Mszy \u015bw. o&nbsp;godz. 18.00<\/strong>. Zainteresowanych udzia\u0142em w tej inicjatywie prosimy o zg\u0142oszenie si\u0119 u Ks. Dawida. W&nbsp;czasie trwania Ekstremalnej Drogi Krzy\u017cowej, w naszym ko\u015bciele b\u0119dzie mo\u017cliwo\u015b\u0107 <strong>ca\u0142onocnej adoracji Naj\u015bwi\u0119tszego Sakramentu<\/strong>.<\/p>\n\n\n\n<p><strong>Dzi\u0119kuj\u0119 za ofiary <\/strong>z\u0142o\u017cone w ubieg\u0142\u0105 niedziel\u0119 <strong>na pomoc Ukrainie <\/strong>\u2013 zebrali\u015bmy:<strong> 10 426,83 z\u0142<\/strong>. <strong>Dzi\u0119kuj\u0119 za ofiary indywidualne<\/strong> na malowanie ko\u015bcio\u0142a: 1 x 2000 z\u0142, 1 x 500 z\u0142, 1 x 100 z\u0142. B\u00f3g zap\u0142a\u0107!<\/p>\n\n\n\n<p>Zach\u0119camy do korzystania z prasy katolickiej: dost\u0119pny jest nowy numer <strong>Rycerza Niepokalanej<\/strong>.<\/p>\n\n\n\n<p>W ubieg\u0142ym tygodniu <strong>odeszli do wieczno\u015bci: + Kazimiera Moczulska l. 95<\/strong>, zam. ul. Raginisa 16\/3; <strong>+ Stanis\u0142awa Skupiewska l. 93<\/strong>, zam. ul. Cmentarna 12; <strong>+ Helena Mianowska l. 95<\/strong>, zam. Wola Zambrowska, ul. G\u0142\u00f3wna 23; <strong>+ m\u0142. chor. Jacek Dmochowski l. 48<\/strong>. Zam. ul Chopina 7. <em>Wieczny odpoczynek racz im da\u0107 Panie \u2026<\/em><\/p>\n","protected":false},"excerpt":{"rendered":"W trzeci\u0105 niedziel\u0119 Wielkiego Postu spotykamy si\u0119 z Chrystusem, kt\u00f3ry jest \u017ar\u00f3d\u0142em wody \u017cywej. Przemawia do naszych serc, aby\u015bmy, jak Samarytanka, do\u015bwiadczyli Bo\u017cego mi\u0142osierdzia i przemiany \u017cycia. Tak\u017ce dzi\u015b, w naszej parafii ko\u0144cz\u0105 si\u0119 rekolekcje ewangelizacyjne dla ma\u0142\u017ce\u0144stw. Serdecznie dzi\u0119kuj\u0119 Ks. \u0141ukaszowi Andrzejczykowi Moderatorowi Diecezjalnemu Domowego Ko\u015bcio\u0142a oraz ma\u0142\u017conkom &#8211;&hellip;\n","protected":false},"author":4,"featured_media":0,"comment_status":"closed","ping_status":"closed","sticky":false,"template":"","format":"standard","meta":{"footnotes":""},"categories":[2],"tags":[],"class_list":["post-3470","post","type-post","status-publish","format-standard","hentry","category-ogloszenia"],"_links":{"self":[{"href":"https:\/\/trojcazambrow.pl\/index.php\/wp-json\/wp\/v2\/posts\/3470","targetHints":{"allow":["GET"]}}],"collection":[{"href":"https:\/\/trojcazambrow.pl\/index.php\/wp-json\/wp\/v2\/posts"}],"about":[{"href":"https:\/\/trojcazambrow.pl\/index.php\/wp-json\/wp\/v2\/types\/post"}],"author":[{"embeddable":true,"href":"https:\/\/trojcazambrow.pl\/index.php\/wp-json\/wp\/v2\/users\/4"}],"replies":[{"embeddable":true,"href":"https:\/\/trojcazambrow.pl\/index.php\/wp-json\/wp\/v2\/comments?post=3470"}],"version-history":[{"count":1,"href":"https:\/\/trojcazambrow.pl\/index.php\/wp-json\/wp\/v2\/posts\/3470\/revisions"}],"predecessor-version":[{"id":3471,"href":"https:\/\/trojcazambrow.pl\/index.php\/wp-json\/wp\/v2\/posts\/3470\/revisions\/3471"}],"wp:attachment":[{"href":"https:\/\/trojcazambrow.pl\/index.php\/wp-json\/wp\/v2\/media?parent=3470"}],"wp:term":[{"taxonomy":"category","embeddable":true,"href":"https:\/\/trojcazambrow.pl\/index.php\/wp-json\/wp\/v2\/categories?post=3470"},{"taxonomy":"post_tag","embeddable":true,"href":"https:\/\/trojcazambrow.pl\/index.php\/wp-json\/wp\/v2\/tags?post=3470"}],"curies":[{"name":"wp","href":"https:\/\/api.w.org\/{rel}","templated":true}]}}