{"id":3475,"date":"2026-03-14T17:22:22","date_gmt":"2026-03-14T18:22:22","guid":{"rendered":"https:\/\/trojcazambrow.pl\/?p=3475"},"modified":"2026-03-14T17:22:22","modified_gmt":"2026-03-14T18:22:22","slug":"ogloszenia-duszpasterskie-15-marca-2026-r-4-niedziela-wielkiego-postu","status":"publish","type":"post","link":"https:\/\/trojcazambrow.pl\/index.php\/2026\/03\/14\/ogloszenia-duszpasterskie-15-marca-2026-r-4-niedziela-wielkiego-postu\/","title":{"rendered":"Og\u0142oszenia duszpasterskie, 15 marca 2026 r. 4 Niedziela Wielkiego Postu"},"content":{"rendered":"\n<p>Czwarta niedziela Wielkiego Postu nazywana jest niedziel\u0105<em> <strong>Laetare<\/strong><\/em>, czyli niedziel\u0105 rado\u015bci. W&nbsp;po\u0142owie Wielkiego Postu Ko\u015bci\u00f3\u0142 wzywa wiernych do odkrywania i prze\u017cywania rado\u015bci z&nbsp;owoc\u00f3w nawr\u00f3cenia i duchowej przemiany. Rado\u015b\u0107 wyra\u017ca r\u00f3\u017cowy kolor szat liturgicznych.<\/p>\n\n\n\n<p><strong>W dzisiejsz\u0105 niedziel\u0119, <\/strong>po wieczornej Mszy \u015bw., w&nbsp;naszej parafii odb\u0119dzie si\u0119 koncert pie\u015bni pasyjnych i wielkopostnych pt. \u201e<strong>Ogrodzie Oliwny<\/strong>\u201d w wykonaniu wspania\u0142ego muzyka, artysty <strong>Macieja Miecznikowskiego<\/strong>. B\u0119dzie to cenna pomoc w prze\u017cywaniu wielkiego Postu poprzez rozwa\u017canie najwa\u017cniejszych moment\u00f3w historii naszego zbawienia zawartych w&nbsp;przepi\u0119knych <strong>pie\u015bniach pasyjnych<\/strong>. Serdecznie dzi\u0119kuj\u0119 Starostwu Powiatowemu za wsp\u00f3\u0142organizacj\u0119 oraz Panu Burmistrzowi Miasta Zamr\u00f3w, Zarz\u0105dowi Banku Sp\u00f3\u0142dzielczego w Zambrowie i Zarz\u0105dowi Banku Sp\u00f3\u0142dzielczego w \u0141om\u017cy za wsparcie tej inicjatywy.<\/p>\n\n\n\n<p>Zapraszamy do udzia\u0142u w&nbsp;nabo\u017ce\u0144stwach pasyjnych: <strong>Gorzkie \u017bale<\/strong> w <strong>ka\u017cd\u0105 niedziel\u0119 po Mszy \u015bw. o&nbsp;godz. 12.00<\/strong> oraz o godz. <strong>17.45<\/strong>. <strong>Droga Krzy\u017cowa<\/strong> w ka\u017cdy <strong>pi\u0105tek<\/strong> o godz. <strong>15.00<\/strong> dla doros\u0142ych i o godz. <strong>17.30<\/strong> dla dzieci i m\u0142odzie\u017cy. Przez pobo\u017cny udzia\u0142 w tych nabo\u017ce\u0144stwach mo\u017cna uzyska\u0107 odpust zupe\u0142ny pod zwyk\u0142ymi warunkami.<\/p>\n\n\n\n<p>We wtorek, 17 marca, <strong>Ks. Zbigniew Jankowski<\/strong> oraz <strong>Pan Zbigniew Chaj\u0119cki, nasz organista, <\/strong>obchodz\u0105 swoje<strong> imieniny<\/strong>. Ks. Zbigniewowi \u017cyczymy obfito\u015bci dar\u00f3w Ducha \u015awi\u0119tego, satysfakcji z pos\u0142ugi w naszej parafii oraz w Wy\u017cszym Seminarium Duchownym; niech opieka Matki Bo\u017cej wspomaga kap\u0142a\u0144sk\u0105 gorliwo\u015b\u0107. Panu Zbyszkowi &#8211; Organi\u015bcie \u017cyczymy, aby muzyczne talenty s\u0142u\u017cy\u0142y Bo\u017cej chwale i zbudowaniu naszej wsp\u00f3lnoty. \u017byczymy zdrowia, si\u0142 i&nbsp;rado\u015bci z pos\u0142ugi!<\/p>\n\n\n\n<p>W dniach <strong>12-13 marca<\/strong>, odby\u0142y si\u0119 <strong>Rekolekcje Wielkopostne dla SP 5<\/strong>, kt\u00f3re poprowadzi\u0142 ks. \u0141ukasz Go\u0142aszewski wraz z klerykami WSD w \u0141om\u017cy. Serdecznie dzi\u0119kuj\u0119 Dyrekcji, nauczycielom, wychowawcom i katechetom za ich zaanga\u017cowanie.<\/p>\n\n\n\n<p>We <strong>czwartek 19 marca<\/strong> przypada <strong>uroczysto\u015b\u0107 \u015awi\u0119tego J\u00f3zefa<\/strong>, Oblubie\u0144ca Naj\u015bwi\u0119tszej Maryi Panny, patrona Ko\u015bcio\u0142a. <strong>Msze \u015bw. o godz. 6.30, 9.00, 12.00, 18.00<\/strong>. Na Msz\u0119 \u015bw. o godz. 18.00 zapraszamy szczeg\u00f3lnie wszystkich m\u0119\u017cczyzn, ojc\u00f3w, m\u0119\u017c\u00f3w i syn\u00f3w, a tak\u017ce solenizantki i\u00a0solenizant\u00f3w. Pragniemy si\u0119 modli\u0107 w ich intencji i udzieli\u0107 im specjalnego b\u0142ogos\u0142awie\u0144stwa. Pami\u0119tajmy w modlitwie o Ks. Arcybiskupie J\u00f3zefie Michaliku. W ubieg\u0142ym tygodniu, wraz z Panem Burmistrzem odwiedzili\u015bmy Ks. Arcybiskupa w Przemy\u015blu, przekazali\u015bmy \u017cyczenia imieninowe oraz pozdrowienia od ca\u0142ej naszej spo\u0142eczno\u015bci. Tak\u017ce Ks. Arcybiskup przekaza\u0142 wszystkim serdeczne pozdrowienia i podzi\u0119kowanie za wsparcie modlitewne.<\/p>\n\n\n\n<p><strong>W uroczysto\u015b\u0107 \u015bw. J\u00f3zefa, 19 marca, <\/strong>rozpocznie si\u0119 <strong>Tydzie\u0144 Modlitw o Ochron\u0119 \u017bycia<\/strong>. Zako\u0144czy si\u0119 on w uroczysto\u015b\u0107 Zwiastowania Pa\u0144skiego (25 marca). Has\u0142em tego tygodnia s\u0105 s\u0142owa: <strong>\u201eZ Maryj\u0105 i&nbsp;J\u00f3zefem bronimy \u017cycia\u201d<\/strong>. Ka\u017cdego dnia, przed wieczorn\u0105 Msz\u0105 \u015bw. b\u0119dziemy modli\u0107 si\u0119 s\u0142owami modlitwy \u015bw. Jana Paw\u0142a II z encykliki&nbsp;<em>Evangelium vitae<\/em>&nbsp;oraz litani\u0105 do \u015awi\u0119tej Rodziny. W uroczysto\u015b\u0107 Zwiastowania Pa\u0144skiego, wraz z Chor\u0105gwi\u0105 Zakonu Rycerzy \u015aw. Jana Paw\u0142a II, zapraszamy do podj\u0119cia Duchowej Adopcji Dziecka Pocz\u0119tego.<\/p>\n\n\n\n<p>W przysz\u0142\u0105 <strong>niedziel\u0119, 22 marca<\/strong>, rozpoczniemy <strong>Rekolekcje Wielkopostne<\/strong>, kt\u00f3re trwa\u0107 b\u0119d\u0105 <strong>do \u015brody 25 marca<\/strong>. Rekolekcje poprowadzi <a><strong>Ks. Dr Robert B\u0105czyk<\/strong>, Rektor WSD w \u0141om\u017cy.<\/a> Niech Duch \u015awi\u0119ty prowadzi Ks.&nbsp;Rektora, a naszej wsp\u00f3lnocie udzieli \u0142aski gorliwo\u015bci. <a><strong>Rekolekcyjna Droga Krzy\u017cowa ulicami miasta we wtorek, 24 marca po Mszy \u015bw. o godz. 19.00<\/strong>.<\/a><\/p>\n\n\n\n<p>Duchowym przygotowaniem do rekolekcji b\u0119dzie <strong>nocna adoracja Naj\u015bwi\u0119tszego Sakramentu<\/strong> <strong>z&nbsp;pi\u0105tku na sobot\u0119, 20-21 marca<\/strong>. Rozpocz\u0119cie po Mszy \u015bw. o godz. 18.00. Do adoracji zapraszamy wszystkich parafian.<\/p>\n\n\n\n<p>W dniach <strong>26-27 marca<\/strong> odb\u0119d\u0105 si\u0119 <strong>rekolekcje wielkopostne w Zespole Szk\u00f3\u0142 Argoprzedsi\u0119biorczo\u015bci i Zespole Szk\u00f3\u0142 nr. 1<\/strong>. Poprowadzi je Ks. Adam Ulatowski \u2013 Diecezjalny Koordynator Odnowy w Duchu \u015awi\u0119tym. Prosz\u0119 o modlitw\u0119 w intencji m\u0142odzie\u017cy.<\/p>\n\n\n\n<p>Przypominamy, \u017ce <strong>Ekstremalna Droga Krzy\u017cowa odb\u0119dzie si\u0119 <\/strong>w <strong>pi\u0105tek, 27 marca, pocz\u0105tek po Mszy \u015bw. o&nbsp;godz. 18.00<\/strong>. W tym roku dost\u0119pne s\u0105 r\u00f3wnie\u017c nowe trasy. Dzi\u0119kujemy Panu Mariuszowi Jesionkowi za koordynowanie tej inicjatywy. Zainteresowanych udzia\u0142em prosimy o zg\u0142aszanie si\u0119 u <strong>Ks. Dawida lub u Pana Mariusza<\/strong>. W czasie trwania Ekstremalnej Drogi Krzy\u017cowej, w naszym ko\u015bciele b\u0119dzie mo\u017cliwo\u015b\u0107 <strong>ca\u0142onocnej adoracji Naj\u015bwi\u0119tszego Sakramentu<\/strong>.<\/p>\n\n\n\n<p>Tradycyjny <strong>Marsz \u015awiat\u0142a i \u017bycia<\/strong>, kt\u00f3ry odbywa si\u0119 w Zambrowie ka\u017cdego roku w rocznic\u0119 odej\u015bcia do Domu Ojca \u015bw. Papie\u017ca Jana Paw\u0142a II \u2013 <strong>z uwagi na wypadaj\u0105cy w dniu 2 kwietnia Wielki Czwartek, odb\u0119dzie si\u0119 wyj\u0105tkowo w sobot\u0119, 11 kwietnia<\/strong>! Serdeczne zapraszamy!<\/p>\n\n\n\n<p>Wobec trwaj\u0105cego konfliktu na Bliskim Wschodzie zawieszone zostaj\u0105 przygotowania do pielgrzymki do Ziemi \u015awi\u0119tej i Jordanii. W razie przed\u0142u\u017cania si\u0119 wojny Biuro Pielgrzymkowe przygotowuje inn\u0105 propozycj\u0119 pielgrzymki.<\/p>\n\n\n\n<p>W dnach 1-8 lipca par. pw. \u015aw. J\u00f3zefa Rzemie\u015blnika w Zambrowie organizuje samolotow\u0105 pielgrzymk\u0119 do W\u0142och. W programie m.in. Msza \u015bw. przy grobie \u015bw. Jana Paw\u0142a II, Monte Cassino, San Giovanni Rotondo, Manopello, Loreto. Bli\u017csze informacje w par. pw. \u015aw. J\u00f3zefa Rzemie\u015blnika. Zapisy do 18 marca.<\/p>\n\n\n\n<p><strong>Dzi\u0119kuj\u0119 za ofiary indywidualne<\/strong> na malowanie ko\u015bcio\u0142a: <strong>1 x 300 z\u0142, 2 x 200 z\u0142<\/strong>. B\u00f3g zap\u0142a\u0107!<\/p>\n\n\n\n<p>W ubieg\u0142ym tygodniu <strong>odesz\u0142a do wieczno\u015bci: + Urszula Grabowska l. 62<\/strong>, zam. Wola Zambrowska, ul. Kwiatowa 35.<em>Wieczny odpoczynek racz jej da\u0107 Panie \u2026<\/em><\/p>\n","protected":false},"excerpt":{"rendered":"Czwarta niedziela Wielkiego Postu nazywana jest niedziel\u0105 Laetare, czyli niedziel\u0105 rado\u015bci. W&nbsp;po\u0142owie Wielkiego Postu Ko\u015bci\u00f3\u0142 wzywa wiernych do odkrywania i prze\u017cywania rado\u015bci z&nbsp;owoc\u00f3w nawr\u00f3cenia i duchowej przemiany. Rado\u015b\u0107 wyra\u017ca r\u00f3\u017cowy kolor szat liturgicznych. W dzisiejsz\u0105 niedziel\u0119, po wieczornej Mszy \u015bw., w&nbsp;naszej parafii odb\u0119dzie si\u0119 koncert pie\u015bni pasyjnych i wielkopostnych pt.&hellip;\n","protected":false},"author":4,"featured_media":0,"comment_status":"closed","ping_status":"closed","sticky":false,"template":"","format":"standard","meta":{"footnotes":""},"categories":[2],"tags":[],"class_list":["post-3475","post","type-post","status-publish","format-standard","hentry","category-ogloszenia"],"_links":{"self":[{"href":"https:\/\/trojcazambrow.pl\/index.php\/wp-json\/wp\/v2\/posts\/3475","targetHints":{"allow":["GET"]}}],"collection":[{"href":"https:\/\/trojcazambrow.pl\/index.php\/wp-json\/wp\/v2\/posts"}],"about":[{"href":"https:\/\/trojcazambrow.pl\/index.php\/wp-json\/wp\/v2\/types\/post"}],"author":[{"embeddable":true,"href":"https:\/\/trojcazambrow.pl\/index.php\/wp-json\/wp\/v2\/users\/4"}],"replies":[{"embeddable":true,"href":"https:\/\/trojcazambrow.pl\/index.php\/wp-json\/wp\/v2\/comments?post=3475"}],"version-history":[{"count":1,"href":"https:\/\/trojcazambrow.pl\/index.php\/wp-json\/wp\/v2\/posts\/3475\/revisions"}],"predecessor-version":[{"id":3476,"href":"https:\/\/trojcazambrow.pl\/index.php\/wp-json\/wp\/v2\/posts\/3475\/revisions\/3476"}],"wp:attachment":[{"href":"https:\/\/trojcazambrow.pl\/index.php\/wp-json\/wp\/v2\/media?parent=3475"}],"wp:term":[{"taxonomy":"category","embeddable":true,"href":"https:\/\/trojcazambrow.pl\/index.php\/wp-json\/wp\/v2\/categories?post=3475"},{"taxonomy":"post_tag","embeddable":true,"href":"https:\/\/trojcazambrow.pl\/index.php\/wp-json\/wp\/v2\/tags?post=3475"}],"curies":[{"name":"wp","href":"https:\/\/api.w.org\/{rel}","templated":true}]}}