{"id":3510,"date":"2026-04-25T19:24:35","date_gmt":"2026-04-25T20:24:35","guid":{"rendered":"https:\/\/trojcazambrow.pl\/?p=3510"},"modified":"2026-04-25T19:24:35","modified_gmt":"2026-04-25T20:24:35","slug":"ogloszenia-duszpasterskie-26-kwietnia-2026-r-4-niedziela-wielkanocna","status":"publish","type":"post","link":"https:\/\/trojcazambrow.pl\/index.php\/2026\/04\/25\/ogloszenia-duszpasterskie-26-kwietnia-2026-r-4-niedziela-wielkanocna\/","title":{"rendered":"Og\u0142oszenia duszpasterskie, 26 kwietnia 2026 r. 4 Niedziela Wielkanocna"},"content":{"rendered":"\n<p>Czwarta Niedziela Wielkanocna obchodzona jest jako <strong>Niedziela Dobrego Pasterza i<\/strong>&nbsp;<strong>\u015awiatowy Dzie\u0144 Modlitw o Powo\u0142ania<\/strong><strong>, kt\u00f3ry rozpoczyna <\/strong><strong>Tydzie\u0144 Modlitw o Powo\u0142ania do Kap\u0142a\u0144stwa i \u017bycia Konsekrowanego<\/strong><strong>. Prze\u017cywamy go pod has\u0142em: \u201e<\/strong><strong>Powo\u0142ani, by sia\u0107 nadziej\u0119 i budowa\u0107 pok\u00f3j<\/strong>\u201d. To szczeg\u00f3lny czas modlitwy o dobrych pasterzy \u2013 gorliwych i&nbsp;\u015bwi\u0119tych kap\u0142an\u00f3w oraz o&nbsp;powo\u0142ania do \u017cycia konsekrowanego.<\/p>\n\n\n\n<p>Dzi\u0119kuj\u0119 <strong>Ks. \u0141ukaszowi Go\u0142aszewskiemu, Prefektowi WSD w \u0141om\u017cy<\/strong>, za skierowane do nas S\u0142owo Bo\u017ce.<\/p>\n\n\n\n<p>Decyzja Matki Generalnej Si\u00f3str Boromeuszek do naszej wsp\u00f3lnoty do\u0142\u0105czy\u0142a <strong>S. Jaros\u0142awa Trzmiel<\/strong>. Z rado\u015bci\u0105 witamy S. Jaros\u0142aw\u0119 ponownie w zambrowskiej wsp\u00f3lnocie. \u017byczymy Bo\u017cego b\u0142ogos\u0142awie\u0144stwa w pos\u0142udze, wielu rado\u015bci, si\u0142 i zdrowia.<\/p>\n\n\n\n<p>W dzisiejsz\u0105 <strong>niedziel\u0119<\/strong> Wsp\u00f3lnota Odnowy w Duchu \u015awi\u0119tym \u201eWieczernik\u201d oraz Fundacja \u201eWytchnienie\u201d zapraszaj\u0105 <strong>po Mszach \u015bw. o godz. 9.00, 10.30 i&nbsp;12.00<\/strong>, na <strong>kiermasz s\u0142odko\u015bci<\/strong>, z kt\u00f3rego doch\u00f3d przeznaczony b\u0119dzie na remont domu rekolekcyjnego Odnowy w Wid\u017agowie.<\/p>\n\n\n\n<p><strong>Wczoraj, podczas Mszy \u015bw. o godz. 11.00, Ks. Bp Tadeusz Bronakowski udzieli\u0142 sakramentu bierzmowania <\/strong>m\u0142odzie\u017cy z naszej parafii. Dzi\u0119kujemy Bogu za umocnienie m\u0142odzie\u017cy darem Ducha \u015awi\u0119tego. Dzi\u0119kuj\u0119 Ks. Dawidowi, Siostrze Natalii i animatorom za przygotowanie tej m\u0142odzie\u017cy. Dzi\u0119kujemy Siostrze Joannie za przygotowanie \u015bwi\u0105tyni, Odnowie w&nbsp;Duchu \u015awi\u0119tym, Panu Organi\u015bcie, Panu Ko\u015bcielnemu i wszystkim kt\u00f3rzy w\u0142\u0105czyli si\u0119 w&nbsp;przygotowanie tej uroczysto\u015bci. Dzi\u0119kuj\u0119 Bierzmowanym i ich rodzicom za ufundowanie obraz\u00f3w \u015bw. s.&nbsp;Faustyny oraz b\u0142. Ks. Micha\u0142a Sopo\u0107ki w kapicy Bo\u017cego Mi\u0142osierdzia.<\/p>\n\n\n\n<p>We <strong>\u015brod\u0119, 29 kwietnia<\/strong>, obchodzimy <strong>Dzie\u0144 M\u0119cze\u0144stwa Duchowie\u0144stwa Polskiego<\/strong>. Jest to rocznica wyzwolenia niemieckiego obozu koncentracyjnego w Dachau, w&nbsp;kt\u00f3rym \u015bmier\u0107 ponie\u015bli mi\u0119dzy innymi b\u0142. Ks. Adam Bargielski i b\u0142. Ks. Micha\u0142 Piaszczy\u0144ski \u2013 m\u0119czennicy II Wojny \u015awiatowej z naszej diecezji.<\/p>\n\n\n\n<p>W tym tygodniu <strong>pierwszy pi\u0105tek i pierwsza sobota miesi\u0105ca<\/strong>. Zach\u0119cam serdecznie do skorzystania ze spowiedzi i&nbsp;komunii \u015bw. W pi\u0105tek Msze \u015bw. o godz. <a>6.30, 7.00, 9.00 i 18.00. <\/a>Mo\u017cliwo\u015b\u0107 spowiedzi od godz. 17.30.<\/p>\n\n\n\n<p>W <strong>pi\u0105tek 1 maja<\/strong> wspomnienie <strong>\u015bw. J\u00f3zefa Rzemie\u015blnika<\/strong>. Przez jego wstawiennictwo m\u00f3dlmy si\u0119 za nasze rodziny, a szczeg\u00f3lnie za ojc\u00f3w, a tak\u017ce w&nbsp;intencji pracodawc\u00f3w i bezrobotnych.<\/p>\n\n\n\n<p><strong>W pi\u0105tek<\/strong> rozpoczyna si\u0119 <strong>miesi\u0105c maj<\/strong>, po\u015bwi\u0119cony szczeg\u00f3lnie czci Matki Bo\u017cej. <strong>Nabo\u017ce\u0144stwo majowe<\/strong> b\u0119dziemy celebrowali <strong>codziennie o godz. 17.30, przed wieczorn\u0105 Msz\u0105 \u015bw<\/strong>. Zatroszczmy si\u0119 o wizerunki i figurki Matki Bo\u017cej w naszych domach i&nbsp;w&nbsp;przydro\u017cnych kapliczkach; o wsp\u00f3ln\u0105 modlitw\u0119 Litani\u0105 loreta\u0144sk\u0105 w gronie rodzinnym.<\/p>\n\n\n\n<p>Z racji na szczeg\u00f3lny charakter dnia <strong>1 maja &#8211; pi\u0105tek<\/strong><em>,<\/em> Biskup \u0142om\u017cy\u0144ski <strong>udziela dyspensy <\/strong>od&nbsp;powstrzymania si\u0119 od pokarm\u00f3w mi\u0119snych wszystkim wiernym Diecezji \u0141om\u017cy\u0144skiej, a&nbsp;tak\u017ce innym osobom przebywaj\u0105cym w tym dniu na terenie Diecezji. Zach\u0119ca jednocze\u015bnie do podj\u0119cia w tym dniu innych form pokuty, zw\u0142aszcza uczynk\u00f3w mi\u0142o\u015bci i pobo\u017cno\u015bci.<\/p>\n\n\n\n<p><a>W <strong>sobot\u0119, 2 maja w Rzymie,<\/strong><\/a> pochodz\u0105cy z naszej parafii diakon <strong>Marek Maciejczuk,<\/strong> nale\u017c\u0105cy do <strong>zgromadzenia Ksi\u0119\u017cy Monfortian\u00f3w, <\/strong>przyjmie <strong>\u015bwi\u0119cenia prezbiteratu<\/strong>. Prymicyjn\u0105 Msz\u0119 \u015bw. Ks. Marek odprawi w naszej parafii w Uroczysto\u015b\u0107 Zes\u0142ania Ducha \u015awi\u0119tego, <strong>24 maja o godz. 12.00<\/strong>. Naszego brata otoczmy serdeczn\u0105 modlitw\u0105.<\/p>\n\n\n\n<p>W <strong>sobot\u0119<\/strong>, <strong>2&nbsp;maja, liturgiczna uroczysto\u015b\u0107 Matki Bo\u017cej Kr\u00f3lowej Polski<\/strong>, przeniesione z&nbsp;racji na niedziel\u0119 wielkanocn\u0105. Msze \u015bw. b\u0119d\u0105 odprawione o&nbsp;godz. <strong>6.30, 7.00, 12.00 i 18.00<\/strong>. Dzi\u0119kujmy Matce Bo\u017cej za Jej opiek\u0119 nad nasz\u0105 Ojczyzn\u0105. Kr\u00f3lowej Polski, polecajmy trudne budowanie \u0142adu spo\u0142ecznego i moralnego w naszej Ojczy\u017anie.<\/p>\n\n\n\n<p><a>Tak\u017ce w<\/a><strong> sobot\u0119 Dzie\u0144 Polonii<\/strong> i <strong>Dzie\u0144 Flagi Pa\u0144stwowej Rzeczypospolitej Polskiej<\/strong>. Niech to \u015bwi\u0119to s\u0142u\u017cy budzeniu i pog\u0142\u0119bianiu to\u017csamo\u015bci narodowej, wyra\u017caj\u0105cej si\u0119 w&nbsp;symbolach narodowych. <strong>Zadbajmy, aby nasze domy i mieszkania by\u0142y ozdobione flagami narodowymi<\/strong>.<\/p>\n\n\n\n<p><strong>W przysz\u0142\u0105 niedziel\u0119, 3 maja, rocznica uchwalenia Konstytucji 3 maja<\/strong><a>. <strong>Msza \u015bw. o godz. 12.00 w intencji Ojczyzny<\/strong>, z udzia\u0142em parlamentarzyst\u00f3w i&nbsp;w\u0142adz samorz\u0105dowych Po Mszy \u015bw. przej\u015bcie do pomnika Powstania Styczniowego na uroczysto\u015bci cywilne.<strong><\/strong><\/a><\/p>\n\n\n\n<p><strong>Tak\u017ce w przysz\u0142\u0105 niedziel\u0119, o godz. 15.00 spotkanie K\u00f3\u0142 \u017bywego R\u00f3\u017ca\u0144ca<\/strong> i wsp\u00f3lna modlitwa r\u00f3\u017ca\u0144cowa i wymiana tajemnic.<\/p>\n\n\n\n<p><a><strong>Od 4 maja<\/strong><\/a> rozpoczn\u0105 si\u0119 <strong>egzaminy maturalne<\/strong>. Wszystkich maturzyst\u00f3w i nauczycieli obejmujemy modlitw\u0105 i prosimy dla nich o dary Ducha \u015awi\u0119tego. <a>Maturzyst\u00f3w zapraszamy do wsp\u00f3lnej modlitwy w<\/a><strong> niedziel\u0119, 3 maja, podczas Mszy \u015bw. o godz. 18.00<\/strong>.<\/p>\n\n\n\n<p><strong>W niedziel\u0119, 3 maja, <\/strong><strong>po wieczornej Mszy \u015bw. zapraszamy na \u201e<\/strong><strong>Zambrowskie ALLELUJA<\/strong><strong>\u201d \u2013 wiecz\u00f3r pie\u015bni o zmartwychwstaniu, radosne wychwalanie \u015bpiewem Zmartwychwstania Pa\u0144skiego. Zapraszamy wraz z Ch\u00f3rem parafialnym, schol\u0105 grupy Odnowy i schol\u0105 dzieci\u0119c\u0105.<\/strong><\/p>\n\n\n\n<p><a><strong>W niedziel\u0119 10 maja podczas Mszy \u015bw. o godz. 12.00<\/strong><\/a> pierwsza grupa dzieci przyst\u0105pi do <strong>I&nbsp;Komunii \u015aw<\/strong>. <strong>W niedziel\u0119 17 maja podczas Mszy \u015bw. o godz. 12.00<\/strong> druga grupa dzieci przyst\u0105pi do <strong>I&nbsp;Komunii \u015aw<\/strong>. Dzieci przyst\u0119puj\u0105ce do pierwszej spowiedzi i Komunii \u015bwi\u0119tej oraz ich rodziny otaczajmy modlitw\u0105.<\/p>\n\n\n\n<p><strong>Ruch \u015awiat\u0142o-\u017bycie Diecezji \u0141om\u017cy\u0144skiej<\/strong> zaprasza dzieci i m\u0142odzie\u017c do udzia\u0142u w <strong>15-dniowych wakacyjnych rekolekcjach oazowych<\/strong>. Szczeg\u00f3\u0142owe informacje na plakacie w&nbsp;gablocie oraz u ksi\u0119\u017cy wikariuszy. Gor\u0105co zach\u0119camy do skorzystania z tych propozycji.<\/p>\n\n\n\n<p>Miejski O\u015brodek Kultury w Zambrowie zaprasza na projekcje <strong>filmu: \u201eMaryja Matka Papie\u017ca\u201d<\/strong>. Film ukazuje mistyczna relacje \u015bw. Jana Paw\u0142a II z Matk\u0105 Bo\u017c\u0105. Seanse w dniach 27, 28 i 30 kwietnia godz. 15.45 i 19.30.<\/p>\n\n\n\n<p>Dzi\u0119kuj\u0119 za ofiary z\u0142o\u017cone dzi\u015b na ogrzewanie i renowacj\u0119 ko\u015bcio\u0142a, oraz za ofiary indywidualne: 1 x 1000 z\u0142, 2 x 600 z\u0142, 2 x 200. B\u00f3g zap\u0142a\u0107.<\/p>\n\n\n\n<p><strong>Sakrament chrztu<\/strong> przyj\u0119li: <strong>Marcelina Grabowska, Sara Sk\u0142odowska i Oskar Zar\u0119ba<\/strong><strong>.<\/strong> Te dzieci i ich rodziny otaczamy modlitw\u0105.<\/p>\n\n\n\n<p>W ubieg\u0142ym tygodniu <strong>odeszli do wieczno\u015bci<\/strong>:<strong> + Janina Dzieniszewska l. 93<\/strong>, zam. ul. \u015awi\u0119tokrzyska 5\/48,<strong> + Kamil Strzelczyk, l. 34<\/strong>, zam. Wola Zambrowska \u2013 Islandia, <strong>+ Halina Marczak l. 71<\/strong>, zam. ul Ogrodowa 1\/7, <strong>+ Helena Strzeszewska l. 85<\/strong>, zam. ul. W\u0105do\u0142owska 1, <strong>+ Wojciech Mioduszewski l. 40<\/strong>, zam. Pl. Sikorskiego 4\/4, <strong>+ Henryk Kossakowski l. 84<\/strong>, zam. ul. Mazowiecka 14\/22. <em>Wieczny odpoczynek racz im da\u0107 Panie, \u2026.<\/em><\/p>\n\n\n\n<p><strong>W tym tygodniu patronuj\u0105 nam:<\/strong><\/p>\n\n\n\n<p><strong>&#8211; 29 kwietnia<\/strong>, <strong>\u015bw. Katarzyna ze Sjeny<\/strong>, dziewica i Doktora Ko\u015bcio\u0142a. Patronka Europy;<\/p>\n\n\n\n<p><strong>&#8211; 1 maja \u2013 \u015bw. J\u00f3zef Rzemie\u015blnik<\/strong>, Oblubieniec Matki Bo\u017cej i ojcowski opiekun Jezusa, patron ojc\u00f3w, pracodawc\u00f3w i robotnik\u00f3w.<\/p>\n\n\n\n<p><strong>&#8211; 2 maja<\/strong> \u2013 <strong>\u015bw. Atanazy<\/strong> (295-373), biskup Aleksandrii, doktor Ko\u015bcio\u0142a, wybitny nauczyciel wiary;<\/p>\n","protected":false},"excerpt":{"rendered":"Czwarta Niedziela Wielkanocna obchodzona jest jako Niedziela Dobrego Pasterza i&nbsp;\u015awiatowy Dzie\u0144 Modlitw o Powo\u0142ania, kt\u00f3ry rozpoczyna Tydzie\u0144 Modlitw o Powo\u0142ania do Kap\u0142a\u0144stwa i \u017bycia Konsekrowanego. Prze\u017cywamy go pod has\u0142em: \u201ePowo\u0142ani, by sia\u0107 nadziej\u0119 i budowa\u0107 pok\u00f3j\u201d. To szczeg\u00f3lny czas modlitwy o dobrych pasterzy \u2013 gorliwych i&nbsp;\u015bwi\u0119tych kap\u0142an\u00f3w oraz o&nbsp;powo\u0142ania do&hellip;\n","protected":false},"author":4,"featured_media":0,"comment_status":"closed","ping_status":"closed","sticky":false,"template":"","format":"standard","meta":{"footnotes":""},"categories":[2],"tags":[],"class_list":["post-3510","post","type-post","status-publish","format-standard","hentry","category-ogloszenia"],"_links":{"self":[{"href":"https:\/\/trojcazambrow.pl\/index.php\/wp-json\/wp\/v2\/posts\/3510","targetHints":{"allow":["GET"]}}],"collection":[{"href":"https:\/\/trojcazambrow.pl\/index.php\/wp-json\/wp\/v2\/posts"}],"about":[{"href":"https:\/\/trojcazambrow.pl\/index.php\/wp-json\/wp\/v2\/types\/post"}],"author":[{"embeddable":true,"href":"https:\/\/trojcazambrow.pl\/index.php\/wp-json\/wp\/v2\/users\/4"}],"replies":[{"embeddable":true,"href":"https:\/\/trojcazambrow.pl\/index.php\/wp-json\/wp\/v2\/comments?post=3510"}],"version-history":[{"count":1,"href":"https:\/\/trojcazambrow.pl\/index.php\/wp-json\/wp\/v2\/posts\/3510\/revisions"}],"predecessor-version":[{"id":3511,"href":"https:\/\/trojcazambrow.pl\/index.php\/wp-json\/wp\/v2\/posts\/3510\/revisions\/3511"}],"wp:attachment":[{"href":"https:\/\/trojcazambrow.pl\/index.php\/wp-json\/wp\/v2\/media?parent=3510"}],"wp:term":[{"taxonomy":"category","embeddable":true,"href":"https:\/\/trojcazambrow.pl\/index.php\/wp-json\/wp\/v2\/categories?post=3510"},{"taxonomy":"post_tag","embeddable":true,"href":"https:\/\/trojcazambrow.pl\/index.php\/wp-json\/wp\/v2\/tags?post=3510"}],"curies":[{"name":"wp","href":"https:\/\/api.w.org\/{rel}","templated":true}]}}