{"id":3636,"date":"2026-09-06T03:07:11","date_gmt":"2026-09-06T04:07:11","guid":{"rendered":"https:\/\/trojcazambrow.pl\/?p=3636"},"modified":"2026-09-06T03:07:12","modified_gmt":"2026-09-06T04:07:12","slug":"ogloszenia-duszpasterskie-6-wrzesnia-2026-r-23-niedziela-zwykla","status":"publish","type":"post","link":"https:\/\/trojcazambrow.pl\/index.php\/2026\/09\/06\/ogloszenia-duszpasterskie-6-wrzesnia-2026-r-23-niedziela-zwykla\/","title":{"rendered":"Og\u0142oszenia duszpasterskie, 6 wrze\u015bnia 2026 r. 23 Niedziela Zwyk\u0142a"},"content":{"rendered":"\n<p>Niedzielna liturgia przypomina nam, \u017ce mi\u0142o\u015b\u0107 chrze\u015bcija\u0144ska wyra\u017ca si\u0119 w trosce o&nbsp;zbawienie bli\u017anich. Nie mo\u017cemy by\u0107 oboj\u0119tni na z\u0142o, lecz musimy przeciwstawia\u0107 si\u0119 z\u0142u moc\u0105 dobra.<\/p>\n\n\n\n<p>Jutro przypada pierwsza rocznica <strong>kanonizacji b\u0142. Carla Acutisa i b\u0142. Pier Giorgia Frassatiego<\/strong>, kt\u00f3rzy uznawani s\u0105 za szczeg\u00f3lnych patron\u00f3w m\u0142odzie\u017cy. Ich przes\u0142anie jest mocne: <strong>mo\u017cna by\u0107 m\u0142odym, zakochanym w \u017cyciu, zanurzonym w&nbsp;nowoczesno\u015bci, a&nbsp;jednocze\u015bnie g\u0142\u0119boko \u015bwi\u0119tym.<\/strong> Przy wyj\u015bciu z ko\u015bcio\u0142a znajdziemy folderki po\u015bwi\u0119cone tym \u015bwi\u0119tym.<\/p>\n\n\n\n<p><strong>Dzi\u015b, podczas Mszy \u015bw. o&nbsp;godz. 12.00<\/strong> zapraszamy pierwszoklasist\u00f3w oraz wszystkie dzieci rozpoczynaj\u0105ce nowy rok szkolny, na <strong>b\u0142ogos\u0142awie\u0144stwo tornistr\u00f3w i&nbsp;nowych przybor\u00f3w szkolnych<\/strong>. Niech przez ten obrz\u0119d \u0142aska Bo\u017ca wspiera dzieci w&nbsp;ca\u0142orocznym trudzie zdobywania wiedzy i rozwijaniu zdolno\u015bci.<\/p>\n\n\n\n<p><a><strong>Od<\/strong> <strong>dzisiejszej<\/strong> <strong>niedzieli<\/strong> rozpoczynamy <strong>przygotowanie dzieci z klas III do I&nbsp;Komunii \u015bw. oraz kandydat\u00f3w do sakramentu bierzmowania<\/strong>. Dzieci wraz z rodzicami spotkaj\u0105 si\u0119 <strong>na Mszy \u015bw. o&nbsp;godz. 12.00<\/strong>. za ich przygotowanie b\u0119d\u0105 odpowiedzialni <strong>S.&nbsp;Angela<\/strong> i <strong>Ks. Mateusz<\/strong>. Po Mszy \u015bw. spotkanie organizacyjne. <strong>Kandydat\u00f3w do bierzmowania<\/strong> zapraszamy na <strong>Msz\u0119 \u015bw. o&nbsp;godz. 16.00<\/strong>. Ich przygotowaniem pokieruje<strong> Ks. Dawid i&nbsp;S. Natalia<\/strong>. Przypominam, \u017ce rodzice s\u0105 dla swoich dzieci pierwszymi \u015bwiadkami wiary i s\u0105 zobowi\u0105zani do troski o ich duchowy rozw\u00f3j. Zapraszamy rodzic\u00f3w do aktywnego uczestnictwa w&nbsp;przygotowaniu ich dzieci do sakrament\u00f3w \u015bwi\u0119tych.<\/a><\/p>\n\n\n\n<p><a><strong>Dzi\u015b, o godz. 15.00<\/strong> zapraszam cz\u0142onk\u00f3w <strong>K\u00f3\u0142 \u017bywego R\u00f3\u017ca\u0144ca<\/strong> na wsp\u00f3ln\u0105 modlitw\u0119. Zach\u0119cam do o\u017cywienia istniej\u0105cych K\u00f3\u0142 \u017bywego R\u00f3\u017ca\u0144ca i do tworzenia nowych.<\/a><\/p>\n\n\n\n<p>Tak\u017ce <strong>w dzisiejsz\u0105 niedziel\u0119<\/strong>, po wieczornej Mszy \u015bw. na godz. 18.00, zapraszamy na <strong>Koncert organowo-saksofonowy<\/strong> w wykonaniu <strong>Weroniki Kalupa<\/strong> &#8211; SAKSOFON ALTOWY\/ SOPRANOWY oraz <strong>Macieja Jachimowicza<\/strong> \u2013 ORGANY. W repertuarze muzyka klasyczna i filmowa w autorskich aran\u017cacjach. Koncert organizujemy przy wsp\u00f3\u0142pracy z&nbsp;Pa\u0144stwow\u0105 Szko\u0142\u0105 Muzyczn\u0105 I st., kt\u00f3rej absolwentk\u0105 jest Pani Weronika Kalupa. Dzi\u0119kuj\u0119 zarz\u0105dowi Banku Sp\u00f3\u0142dzielczego w Zambrowie za wsparcie tego wydarzenia.<\/p>\n\n\n\n<p><strong>We wtorek, 8 wrze\u015bnia &#8211; Narodzenie Naj\u015bwi\u0119tszej Maryi Panny<\/strong>, zwane \u015bwi\u0119tem <strong>Matki Bo\u017cej Siewnej<\/strong>. Msze \u015bw. o godz. 6.30, 7.00 i 18.00. <strong>Po wieczornej Mszy \u015bw.<\/strong> <strong>po\u015bwi\u0119cenie ziarna na nowy zasiew<\/strong>. Serdecznie zapraszamy ma t\u0119 modlitw\u0119 wszystkich rolnik\u00f3w.<\/p>\n\n\n\n<p>We <strong>czwartek, 10 wrze\u015bnia, o godz. 17.00, <\/strong><strong>Biuro Radia Maryja <\/strong>zaprasza na adoracj\u0119 we wszystkich intencjach Radia Maryja.<\/p>\n\n\n\n<p>W <strong>pi\u0105tek, 11 wrze\u015bnia, <\/strong>po wieczornej Mszy \u015bw. zapraszamy na<strong> spotkanie wsp\u00f3lnoty dla Intronizacji.<\/strong><\/p>\n\n\n\n<p>W <strong>sobot\u0119, 12 wrze\u015bnia &#8211; Wspomnienie Naj\u015bwi\u0119tszego Imienia Maryi<\/strong>. Po zwyci\u0119stwie kr\u00f3la Jana III Sobieskiego nad Turkami w bitwie pod Wiedniem w 1683 r. celebracj\u0119 tego wspomnienie rozszerzono na ca\u0142y Ko\u015bci\u00f3\u0142.<\/p>\n\n\n\n<p>Apostolat Modlitwy i Postu za Kap\u0142an\u00f3w \u201eZ\u0142ota R\u00f3\u017ca\u201d przy par. pw. Ducha \u015awi\u0119tego w&nbsp;Zambrowie zaprasza na <strong>pielgrzymk\u0119 do sanktuari\u00f3w w Milejczycach i Kodniu<\/strong>, w&nbsp;sobot\u0119, 12 wrze\u015bnia. Bli\u017csze informacje na plakacie w gablocie.<\/p>\n\n\n\n<p><strong>Diecezjalne dzi\u0119kczynienie za plony<\/strong> odb\u0119dzie si\u0119 <strong>w&nbsp;sobot\u0119, 12 wrze\u015bnia w&nbsp;Katedrze \u0141om\u017cy\u0144skiej<\/strong>. Do\u017cynki diecezjalne wpisuj\u0105 si\u0119 w&nbsp;\u015bwi\u0119towanie 100-lecia Diecezji \u0141om\u017cy\u0144skiej oraz 500-lecia ko\u015bcio\u0142a katedralnego. Nasz\u0105 parafi\u0119 b\u0119dzie reprezentowa\u0107 <strong>delegacja ze Starych W\u0105do\u0142k<\/strong>.<\/p>\n\n\n\n<p><strong>Do\u017cynki parafialne <\/strong>po\u0142\u0105czone z<strong> do\u017cynkami gminnymi Gminy Zambr\u00f3w, <\/strong>odb\u0119d\u0105 si\u0119<strong> w&nbsp;niedziel\u0119, 20 wrze\u015bnia podczas Mszy \u015bw. o godz. 12.00<\/strong>. Wraz z Panem W\u00f3jtem serdecznie zapraszamy rolnik\u00f3w do wsp\u00f3lnego dzi\u0119kczynienia i modlitwy o Bo\u017ce b\u0142ogos\u0142awie\u0144stwo w&nbsp;pracy na roli. Do\u017cynki po\u0142\u0105czone b\u0119d\u0105 z tradycyjnym <strong>festynem rodzinnym<\/strong> na \u0142\u0105ce przy ko\u015bciele, kt\u00f3ry rozpocznie si\u0119 <strong>po Mszy \u015bw. o godz. 12.00<\/strong>.<\/p>\n\n\n\n<p>W <strong>niedziel\u0119, 13 wrze\u015bnia<\/strong> w par. pw. Ducha \u015awi\u0119tego odb\u0119d\u0105 si\u0119 uroczysto\u015bci upami\u0119tniaj\u0105ce <strong>Bitw\u0119 o Zambr\u00f3w 1939 r.<\/strong> Rozegra\u0142a si\u0119 ona w dniach 11\u201312 wrze\u015bnia 1939 roku. Do walki z&nbsp;Niemcami stan\u0119\u0142a 18. Dywizja Piechoty ze szczeg\u00f3lnym udzia\u0142em 71. Pu\u0142ku Piechoty. W&nbsp;walkach o Zambr\u00f3w \u015bmier\u0107 ponios\u0142o oko\u0142o 400 polskich \u017co\u0142nierzy.<\/p>\n\n\n\n<p>Tak\u017ce w przysz\u0142\u0105 niedziel\u0119<strong>, 13 wrze\u015bnia<\/strong> o godz. 17.30 <strong>r\u00f3\u017caniec fatimski<\/strong>, po Mszy \u015bw. <strong>procesja fatimska<\/strong>. Niech Maryja wyjedna nam ducha szczerej pokuty i gorliwo\u015bci w&nbsp;wyznawaniu wiary.<\/p>\n\n\n\n<p>Po przewie remontowej, z dniem 1 wrze\u015bnia wznowili\u015bmy <strong>ca\u0142odniow\u0105 adoracj\u0119 Naj\u015bwi\u0119tszego Sakramentu<\/strong>. Zach\u0119cam do wybrania okre\u015blonego, sta\u0142ego dnia tygodnia i&nbsp;godziny, kt\u00f3r\u0105 b\u0119dziemy mogli po\u015bwi\u0119ci\u0107 na adoracj\u0119. Za poszczeg\u00f3lne dni tygodnia b\u0119d\u0105 odpowiedzialni koordynatorzy, kt\u00f3rzy pomog\u0105 w razie przeszk\u00f3d. Zapisa\u0107 si\u0119 mo\u017cna w&nbsp;zakrystii lub kancelarii.<\/p>\n\n\n\n<p>Dzi\u0119kuj\u0119 za ofiary na tac\u0119 z ubieg\u0142ej niedzieli, na prace renowacyjne i remontowe zebrali\u015bmy <strong>11&nbsp;150 z\u0142<\/strong>. Dzi\u0119kuj\u0119 za ofiary indywidualne na prace remontowe: 1 x 1000 z\u0142, 1 x 500 z\u0142, 1 x 200 z\u0142. B\u00f3g zap\u0142a\u0107. Dzi\u015b, po Mszy \u015bw. ofiary sk\u0142adane do puszek s\u0105 przeznaczone na KUL i&nbsp;cele edukacyjne naszej diecezji. Dzi\u0119kuj\u0119 wolontariuszom za przeprowadzenie zbi\u00f3rki. B\u00f3g zap\u0142a\u0107!<\/p>\n\n\n\n<p>Rozpocz\u0105\u0142 si\u0119 <strong>nowy rok szkolny i katechetyczny<\/strong>. Pami\u0119tajmy, \u017ce lekcje religii s\u0105 konstytucyjnym prawem uczni\u00f3w i rodzic\u00f3w, wynikaj\u0105cym z zasady wolno\u015bci sumienia i&nbsp;wyznania oraz prawa rodzic\u00f3w do wychowywania dzieci zgodnie z w\u0142asnymi przekonaniami. Dzia\u0142ania postkomunistycznej lewicy, zmierzaj\u0105 do ograniczania tych praw, aby zamiast wychowania opartego na warto\u015bciach, narzuci\u0107 ateistyczn\u0105, niemoraln\u0105 ideologi\u0119. Przypominamy rodzicom i&nbsp;uczniom, \u017ce dla katolika udzia\u0142 w&nbsp;katechizacji jest wyrazem to\u017csamo\u015bci i&nbsp;\u015bwiadomej troski o&nbsp;rozw\u00f3j wiary.<\/p>\n\n\n\n<p>Osoby przygotowuj\u0105ce si\u0119 do zawarcia zwi\u0105zku ma\u0142\u017ce\u0144skiego zapraszamy do udzia\u0142u w&nbsp;<strong>Kursie dla narzeczonych<\/strong>, kt\u00f3ry odb\u0119dzie si\u0119 w naszej parafii<strong> <\/strong>w terminie: <strong>19 i 20 wrze\u015bnia <\/strong>oraz <strong>3 i&nbsp;4 pa\u017adziernika<\/strong> 2026, zg\u0142oszenia: <a href=\"http:\/\/www.duszpasterstworodzin.lomza.pl\" target=\"_blank\" rel=\"noreferrer noopener\">http:\/\/www.duszpasterstworodzin.lomza.pl<\/a> lub u ks. Dawida.<\/p>\n\n\n\n<p>Zapraszam do korzystania z <strong>prasy katolickiej<\/strong>: dwumiesi\u0119cznik \u201e<strong>Misyjne Drogi<\/strong>\u201d porusza temat misji w\u015br\u00f3d uchod\u017ac\u00f3w i emigrant\u00f3w; jest tak\u017ce nowy numer Miesi\u0119cznika \u201e<strong>Rycerz Niepokalanej<\/strong>\u201d oraz dla dzieci \u201e<strong>Rycerzyk Niepokalanej<\/strong>\u201d.<\/p>\n\n\n\n<p><strong>Sakrament chrztu \u015bwi\u0119tego <\/strong>przyj\u0119li: <strong>Adrian Skutnik i Cezary D\u0105browski<\/strong>.Te dzieci i&nbsp;ich rodziny otaczamy modlitw\u0105.<\/p>\n\n\n\n<p><strong>Sakramentalny zwi\u0105zek ma\u0142\u017ce\u0144ski<\/strong> zawarli:<strong> Julia Kaczy\u0144ska i Mateusz Burdak, Kamila Brutkowska i Rafa\u0142 Lutosta\u0144ski, Patrycja Kalinowska i Karol Krajewski<\/strong>. Nowo\u017ce\u0144c\u00f3w powierzamy opiece Matki Bo\u017cej.<\/p>\n\n\n\n<p>Z naszej wsp\u00f3lnoty <strong>odesz\u0142a do wieczno\u015bci: + El\u017cbieta Krukowska l. 78<\/strong>, zam. ul. Cmentarna 5. <em>Wieczny odpoczynek racz jej da\u0107 Panie, \u2026<\/em><\/p>\n","protected":false},"excerpt":{"rendered":"Niedzielna liturgia przypomina nam, \u017ce mi\u0142o\u015b\u0107 chrze\u015bcija\u0144ska wyra\u017ca si\u0119 w trosce o&nbsp;zbawienie bli\u017anich. Nie mo\u017cemy by\u0107 oboj\u0119tni na z\u0142o, lecz musimy przeciwstawia\u0107 si\u0119 z\u0142u moc\u0105 dobra. Jutro przypada pierwsza rocznica kanonizacji b\u0142. Carla Acutisa i b\u0142. Pier Giorgia Frassatiego, kt\u00f3rzy uznawani s\u0105 za szczeg\u00f3lnych patron\u00f3w m\u0142odzie\u017cy. Ich przes\u0142anie jest mocne:&hellip;\n","protected":false},"author":4,"featured_media":0,"comment_status":"closed","ping_status":"closed","sticky":false,"template":"","format":"standard","meta":{"footnotes":""},"categories":[2],"tags":[],"class_list":["post-3636","post","type-post","status-publish","format-standard","hentry","category-ogloszenia"],"jetpack_featured_media_url":"","_links":{"self":[{"href":"https:\/\/trojcazambrow.pl\/index.php\/wp-json\/wp\/v2\/posts\/3636","targetHints":{"allow":["GET"]}}],"collection":[{"href":"https:\/\/trojcazambrow.pl\/index.php\/wp-json\/wp\/v2\/posts"}],"about":[{"href":"https:\/\/trojcazambrow.pl\/index.php\/wp-json\/wp\/v2\/types\/post"}],"author":[{"embeddable":true,"href":"https:\/\/trojcazambrow.pl\/index.php\/wp-json\/wp\/v2\/users\/4"}],"replies":[{"embeddable":true,"href":"https:\/\/trojcazambrow.pl\/index.php\/wp-json\/wp\/v2\/comments?post=3636"}],"version-history":[{"count":1,"href":"https:\/\/trojcazambrow.pl\/index.php\/wp-json\/wp\/v2\/posts\/3636\/revisions"}],"predecessor-version":[{"id":3637,"href":"https:\/\/trojcazambrow.pl\/index.php\/wp-json\/wp\/v2\/posts\/3636\/revisions\/3637"}],"wp:attachment":[{"href":"https:\/\/trojcazambrow.pl\/index.php\/wp-json\/wp\/v2\/media?parent=3636"}],"wp:term":[{"taxonomy":"category","embeddable":true,"href":"https:\/\/trojcazambrow.pl\/index.php\/wp-json\/wp\/v2\/categories?post=3636"},{"taxonomy":"post_tag","embeddable":true,"href":"https:\/\/trojcazambrow.pl\/index.php\/wp-json\/wp\/v2\/tags?post=3636"}],"curies":[{"name":"wp","href":"https:\/\/api.w.org\/{rel}","templated":true}]}}